{"id":3996,"date":"2026-08-31T12:09:39","date_gmt":"2026-08-31T10:09:39","guid":{"rendered":"https:\/\/zupa-svik-recica.hr\/?p=3996"},"modified":"2026-08-31T12:09:39","modified_gmt":"2026-08-31T10:09:39","slug":"vlac-antun-kolic-predvodio-vusikovanje","status":"publish","type":"post","link":"https:\/\/zupa-svik-recica.hr\/index.php\/2026\/08\/31\/vlac-antun-kolic-predvodio-vusikovanje\/","title":{"rendered":"Vla\u010d Antun Koli\u0107 predvodio Vusikovanje"},"content":{"rendered":"<p><a href=\"http:\/\/zupa-svik-recica.hr\/wp-content\/uploads\/2026\/08\/260830-RecicaKolic-ZS-51.jpg\"><img loading=\"lazy\" class=\"alignleft size-medium wp-image-3997\" src=\"http:\/\/zupa-svik-recica.hr\/wp-content\/uploads\/2026\/08\/260830-RecicaKolic-ZS-51-300x169.jpg\" alt=\"\" width=\"300\" height=\"169\" srcset=\"https:\/\/zupa-svik-recica.hr\/wp-content\/uploads\/2026\/08\/260830-RecicaKolic-ZS-51-300x169.jpg 300w, https:\/\/zupa-svik-recica.hr\/wp-content\/uploads\/2026\/08\/260830-RecicaKolic-ZS-51-1024x576.jpg 1024w, https:\/\/zupa-svik-recica.hr\/wp-content\/uploads\/2026\/08\/260830-RecicaKolic-ZS-51-768x432.jpg 768w, https:\/\/zupa-svik-recica.hr\/wp-content\/uploads\/2026\/08\/260830-RecicaKolic-ZS-51-1536x864.jpg 1536w, https:\/\/zupa-svik-recica.hr\/wp-content\/uploads\/2026\/08\/260830-RecicaKolic-ZS-51.jpg 2040w\" sizes=\"(max-width: 300px) 100vw, 300px\" \/><\/a>Re\u010dica, 30.08.2026.<\/p>\n<p class=\"wp-block-paragraph\"><strong>Vl\u010d. Antun Koli\u0107, \u017eupnik \u017dupe Sveta Tri Kralja u Karlovcu na Baniji, predvodio je misno slavlje povodom \u017eupne svetkovine Mu\u010deni\u0161tva sv. Ivana Krstitelja \u2013 tradicionalnog re\u010di\u010dkog Vusikovanja \u2013 u \u017eupnoj crkvi sv. Ivana Krstitelja u Re\u010dici u nedjelju 30. kolovoza 2026. godine.<\/strong><\/p>\n<p class=\"wp-block-paragraph\">Koncelebrirali su vl\u010d. Kristijan Gatari\u0107, \u017eupnik \u017dupe Presvetog Srca Isusova u Karlovcu \u2013 Novi Centar, te doma\u0107i \u017eupnik vl\u010d. Lovro Zaplati\u0107.<br \/>\n<img src=\"https:\/\/svetijosip.com\/wp-content\/uploads\/2026\/08\/260830-RecicaKolic-ZS-3.jpg\" \/><br \/>\nPosebnu dra\u017e dali su svemu \u010dlanovi KUD-a Re\u010dica koji su u narodnim no\u0161njama predvodili procesiju s kipom sv. Ivana Krstitelja.<br \/>\n<img src=\"https:\/\/i0.wp.com\/svetijosip.com\/wp-content\/uploads\/2026\/08\/260830-RecicaKolic-ZS-53-1024x576.jpg?ssl=1\" \/><\/p>\n","protected":false},"excerpt":{"rendered":"<p>Re\u010dica, 30.08.2026. Vl\u010d. Antun Koli\u0107, \u017eupnik \u017dupe Sveta Tri Kralja u Karlovcu na Baniji, predvodio je misno slavlje povodom \u017eupne svetkovine Mu\u010deni\u0161tva sv. Ivana Krstitelja \u2013 tradicionalnog re\u010di\u010dkog Vusikovanja \u2013 u \u017eupnoj crkvi sv. Ivana Krstitelja u Re\u010dici u nedjelju 30. kolovoza 2026. godine. Koncelebrirali su vl\u010d. Kristijan Gatari\u0107, \u017eupnik \u017dupe Presvetog Srca Isusova u &hellip; <\/p>\n<p class=\"link-more\"><a href=\"https:\/\/zupa-svik-recica.hr\/index.php\/2026\/08\/31\/vlac-antun-kolic-predvodio-vusikovanje\/\" class=\"more-link\">Nastavi \u010ditati<span class=\"screen-reader-text\"> &#8220;Vla\u010d Antun Koli\u0107 predvodio Vusikovanje&#8221;<\/span><\/a><\/p>\n","protected":false},"author":3,"featured_media":0,"comment_status":"open","ping_status":"open","sticky":false,"template":"","format":"standard","meta":{"_mi_skip_tracking":false},"categories":[4],"tags":[],"_links":{"self":[{"href":"https:\/\/zupa-svik-recica.hr\/index.php\/wp-json\/wp\/v2\/posts\/3996"}],"collection":[{"href":"https:\/\/zupa-svik-recica.hr\/index.php\/wp-json\/wp\/v2\/posts"}],"about":[{"href":"https:\/\/zupa-svik-recica.hr\/index.php\/wp-json\/wp\/v2\/types\/post"}],"author":[{"embeddable":true,"href":"https:\/\/zupa-svik-recica.hr\/index.php\/wp-json\/wp\/v2\/users\/3"}],"replies":[{"embeddable":true,"href":"https:\/\/zupa-svik-recica.hr\/index.php\/wp-json\/wp\/v2\/comments?post=3996"}],"version-history":[{"count":1,"href":"https:\/\/zupa-svik-recica.hr\/index.php\/wp-json\/wp\/v2\/posts\/3996\/revisions"}],"predecessor-version":[{"id":3998,"href":"https:\/\/zupa-svik-recica.hr\/index.php\/wp-json\/wp\/v2\/posts\/3996\/revisions\/3998"}],"wp:attachment":[{"href":"https:\/\/zupa-svik-recica.hr\/index.php\/wp-json\/wp\/v2\/media?parent=3996"}],"wp:term":[{"taxonomy":"category","embeddable":true,"href":"https:\/\/zupa-svik-recica.hr\/index.php\/wp-json\/wp\/v2\/categories?post=3996"},{"taxonomy":"post_tag","embeddable":true,"href":"https:\/\/zupa-svik-recica.hr\/index.php\/wp-json\/wp\/v2\/tags?post=3996"}],"curies":[{"name":"wp","href":"https:\/\/api.w.org\/{rel}","templated":true}]}}