{"id":3630,"date":"2023-06-29T15:19:56","date_gmt":"2023-06-29T13:19:56","guid":{"rendered":"https:\/\/zupa-svik-recica.hr\/?p=3630"},"modified":"2023-06-29T15:19:56","modified_gmt":"2023-06-29T13:19:56","slug":"48-godisnjica-mlade-mise","status":"publish","type":"post","link":"https:\/\/zupa-svik-recica.hr\/index.php\/2023\/06\/29\/48-godisnjica-mlade-mise\/","title":{"rendered":"48 godi\u0161njica mlade mise"},"content":{"rendered":"<p><a href=\"http:\/\/zupa-svik-recica.hr\/wp-content\/uploads\/2023\/06\/356669405_10225004780520335_4268498435481121747_n.jpg\"><img loading=\"lazy\" class=\"alignleft size-medium wp-image-3631\" src=\"http:\/\/zupa-svik-recica.hr\/wp-content\/uploads\/2023\/06\/356669405_10225004780520335_4268498435481121747_n-197x300.jpg\" alt=\"\" width=\"197\" height=\"300\" srcset=\"https:\/\/zupa-svik-recica.hr\/wp-content\/uploads\/2023\/06\/356669405_10225004780520335_4268498435481121747_n-197x300.jpg 197w, https:\/\/zupa-svik-recica.hr\/wp-content\/uploads\/2023\/06\/356669405_10225004780520335_4268498435481121747_n.jpg 206w\" sizes=\"(max-width: 197px) 100vw, 197px\" \/><\/a>29.12. 1975. god. na svetkovinu svetih apostola Petra i Pavla u \u017eupnoj crkvi u Loboru slu\u017eio sam svoju mladu misu.<br \/>\nDekan bele\u010dkog dekanata kojem pripada \u017eupa Lobor bio je pre\u010d Rudolf Sviben kojem sam kasnije dvije godine bio kapelan u \u017eupi Zlatar.<br \/>\nLoborski \u017eupnik bio je pre\u010d Vinko Mrkoci kojem sam zahvalan na trudu koji je ulo\u017eio na mom putu do sve\u0107eni\u0161tva.<br \/>\nNa sam dan mlade mise procesija je krenula iz mjesta \u0160ipki prema \u017eupnoj crkvi. U procesiji je sudjelovalo mno\u0161tvo vjernika.<br \/>\nNa misi je propovjedao \u017eupnik iz \u017eupe Kali s otoka Ugljana. Zahvalan sam danas svima ponajprije dragom Bogu koji me izabrao i koji me trpi&#8230;zatim svojim roditeljima majci Ljubici i ocu Zvonimiru na svemu trudu i ljubavi.<br \/>\nPro\u0161ao sam mnoge \u017eupe kao Kapelan ( Sv. Bla\u017e u Zagrebu, Zlatar), upravljao \u017eupama Vrhovac, Svetice, Mahi\u0107no, Duga Resa, \u0160i\u0161ljavi\u0107, Re\u010dica. U Re\u010dici sam najdu\u017ee &#8211; 16. godina.<\/p>\n","protected":false},"excerpt":{"rendered":"<p>29.12. 1975. god. na svetkovinu svetih apostola Petra i Pavla u \u017eupnoj crkvi u Loboru slu\u017eio sam svoju mladu misu. Dekan bele\u010dkog dekanata kojem pripada \u017eupa Lobor bio je pre\u010d Rudolf Sviben kojem sam kasnije dvije godine bio kapelan u \u017eupi Zlatar. Loborski \u017eupnik bio je pre\u010d Vinko Mrkoci kojem sam zahvalan na trudu koji &hellip; <\/p>\n<p class=\"link-more\"><a href=\"https:\/\/zupa-svik-recica.hr\/index.php\/2023\/06\/29\/48-godisnjica-mlade-mise\/\" class=\"more-link\">Nastavi \u010ditati<span class=\"screen-reader-text\"> &#8220;48 godi\u0161njica mlade mise&#8221;<\/span><\/a><\/p>\n","protected":false},"author":3,"featured_media":0,"comment_status":"open","ping_status":"open","sticky":false,"template":"","format":"standard","meta":{"_mi_skip_tracking":false},"categories":[4],"tags":[],"_links":{"self":[{"href":"https:\/\/zupa-svik-recica.hr\/index.php\/wp-json\/wp\/v2\/posts\/3630"}],"collection":[{"href":"https:\/\/zupa-svik-recica.hr\/index.php\/wp-json\/wp\/v2\/posts"}],"about":[{"href":"https:\/\/zupa-svik-recica.hr\/index.php\/wp-json\/wp\/v2\/types\/post"}],"author":[{"embeddable":true,"href":"https:\/\/zupa-svik-recica.hr\/index.php\/wp-json\/wp\/v2\/users\/3"}],"replies":[{"embeddable":true,"href":"https:\/\/zupa-svik-recica.hr\/index.php\/wp-json\/wp\/v2\/comments?post=3630"}],"version-history":[{"count":1,"href":"https:\/\/zupa-svik-recica.hr\/index.php\/wp-json\/wp\/v2\/posts\/3630\/revisions"}],"predecessor-version":[{"id":3632,"href":"https:\/\/zupa-svik-recica.hr\/index.php\/wp-json\/wp\/v2\/posts\/3630\/revisions\/3632"}],"wp:attachment":[{"href":"https:\/\/zupa-svik-recica.hr\/index.php\/wp-json\/wp\/v2\/media?parent=3630"}],"wp:term":[{"taxonomy":"category","embeddable":true,"href":"https:\/\/zupa-svik-recica.hr\/index.php\/wp-json\/wp\/v2\/categories?post=3630"},{"taxonomy":"post_tag","embeddable":true,"href":"https:\/\/zupa-svik-recica.hr\/index.php\/wp-json\/wp\/v2\/tags?post=3630"}],"curies":[{"name":"wp","href":"https:\/\/api.w.org\/{rel}","templated":true}]}}