{"id":3480,"date":"2022-10-30T17:56:48","date_gmt":"2022-10-30T16:56:48","guid":{"rendered":"https:\/\/zupa-svik-recica.hr\/?p=3480"},"modified":"2022-10-30T17:56:48","modified_gmt":"2022-10-30T16:56:48","slug":"nedjelja-zahvalnica-3","status":"publish","type":"post","link":"https:\/\/zupa-svik-recica.hr\/index.php\/2022\/10\/30\/nedjelja-zahvalnica-3\/","title":{"rendered":"NEDJELJA ZAHVALNICA"},"content":{"rendered":"<p><a href=\"http:\/\/zupa-svik-recica.hr\/wp-content\/uploads\/2022\/10\/014.jpg\"><img loading=\"lazy\" class=\"alignleft size-medium wp-image-3481\" src=\"http:\/\/zupa-svik-recica.hr\/wp-content\/uploads\/2022\/10\/014-300x225.jpg\" alt=\"\" width=\"300\" height=\"225\" srcset=\"https:\/\/zupa-svik-recica.hr\/wp-content\/uploads\/2022\/10\/014-300x225.jpg 300w, https:\/\/zupa-svik-recica.hr\/wp-content\/uploads\/2022\/10\/014-1024x768.jpg 1024w, https:\/\/zupa-svik-recica.hr\/wp-content\/uploads\/2022\/10\/014-768x576.jpg 768w, https:\/\/zupa-svik-recica.hr\/wp-content\/uploads\/2022\/10\/014-1536x1152.jpg 1536w, https:\/\/zupa-svik-recica.hr\/wp-content\/uploads\/2022\/10\/014.jpg 1600w\" sizes=\"(max-width: 300px) 100vw, 300px\" \/><\/a>Re\u010dica, 30.listopada 2022.<br \/>\nZadnje nedjelje mjeseca listopada u \u017eupi slavimo Dan zahvalnosti za plodove zemlje. Svetu misu zahvalnicu predslovio je \u017eupnik vl\u010d Lovro.<br \/>\n&#8220;Okupili smo se bismo Bogu rekli od srca veliko hvala za sve ubrane plodove s na\u0161ih polja, vo\u0107njaka, vinograda i vrtova. Valja nam uvijek imati pred o\u010dima istinu da je sve to veliki Bo\u017eji dar&#8230;.nemojmo nikada zaboraviti Bogu zahvaljivati za te darove, oni nas podsje\u0107aju da i mi moramo biti velikodu\u0161ni prema drugima kao \u0161to je Bog velikodu\u0161an prema nama.&#8221;<\/p>\n","protected":false},"excerpt":{"rendered":"<p>Re\u010dica, 30.listopada 2022. Zadnje nedjelje mjeseca listopada u \u017eupi slavimo Dan zahvalnosti za plodove zemlje. Svetu misu zahvalnicu predslovio je \u017eupnik vl\u010d Lovro. &#8220;Okupili smo se bismo Bogu rekli od srca veliko hvala za sve ubrane plodove s na\u0161ih polja, vo\u0107njaka, vinograda i vrtova. Valja nam uvijek imati pred o\u010dima istinu da je sve to &hellip; <\/p>\n<p class=\"link-more\"><a href=\"https:\/\/zupa-svik-recica.hr\/index.php\/2022\/10\/30\/nedjelja-zahvalnica-3\/\" class=\"more-link\">Nastavi \u010ditati<span class=\"screen-reader-text\"> &#8220;NEDJELJA ZAHVALNICA&#8221;<\/span><\/a><\/p>\n","protected":false},"author":3,"featured_media":0,"comment_status":"open","ping_status":"open","sticky":false,"template":"","format":"standard","meta":{"_mi_skip_tracking":false},"categories":[4],"tags":[],"_links":{"self":[{"href":"https:\/\/zupa-svik-recica.hr\/index.php\/wp-json\/wp\/v2\/posts\/3480"}],"collection":[{"href":"https:\/\/zupa-svik-recica.hr\/index.php\/wp-json\/wp\/v2\/posts"}],"about":[{"href":"https:\/\/zupa-svik-recica.hr\/index.php\/wp-json\/wp\/v2\/types\/post"}],"author":[{"embeddable":true,"href":"https:\/\/zupa-svik-recica.hr\/index.php\/wp-json\/wp\/v2\/users\/3"}],"replies":[{"embeddable":true,"href":"https:\/\/zupa-svik-recica.hr\/index.php\/wp-json\/wp\/v2\/comments?post=3480"}],"version-history":[{"count":1,"href":"https:\/\/zupa-svik-recica.hr\/index.php\/wp-json\/wp\/v2\/posts\/3480\/revisions"}],"predecessor-version":[{"id":3482,"href":"https:\/\/zupa-svik-recica.hr\/index.php\/wp-json\/wp\/v2\/posts\/3480\/revisions\/3482"}],"wp:attachment":[{"href":"https:\/\/zupa-svik-recica.hr\/index.php\/wp-json\/wp\/v2\/media?parent=3480"}],"wp:term":[{"taxonomy":"category","embeddable":true,"href":"https:\/\/zupa-svik-recica.hr\/index.php\/wp-json\/wp\/v2\/categories?post=3480"},{"taxonomy":"post_tag","embeddable":true,"href":"https:\/\/zupa-svik-recica.hr\/index.php\/wp-json\/wp\/v2\/tags?post=3480"}],"curies":[{"name":"wp","href":"https:\/\/api.w.org\/{rel}","templated":true}]}}