{"id":3366,"date":"2022-04-18T15:38:00","date_gmt":"2022-04-18T13:38:00","guid":{"rendered":"http:\/\/zupa-svik-recica.hr\/?p=3366"},"modified":"2022-04-18T15:38:00","modified_gmt":"2022-04-18T13:38:00","slug":"uskrs-u-nasoj-zupi-2","status":"publish","type":"post","link":"https:\/\/zupa-svik-recica.hr\/index.php\/2022\/04\/18\/uskrs-u-nasoj-zupi-2\/","title":{"rendered":"USKRS U NA\u0160OJ \u017dUPI"},"content":{"rendered":"<p><a href=\"http:\/\/zupa-svik-recica.hr\/wp-content\/uploads\/2022\/04\/uskrsna-vatra.jpg\"><img loading=\"lazy\" class=\"alignleft size-medium wp-image-3367\" src=\"http:\/\/zupa-svik-recica.hr\/wp-content\/uploads\/2022\/04\/uskrsna-vatra-244x300.jpg\" alt=\"\" width=\"244\" height=\"300\" srcset=\"https:\/\/zupa-svik-recica.hr\/wp-content\/uploads\/2022\/04\/uskrsna-vatra-244x300.jpg 244w, https:\/\/zupa-svik-recica.hr\/wp-content\/uploads\/2022\/04\/uskrsna-vatra.jpg 311w\" sizes=\"(max-width: 244px) 100vw, 244px\" \/><\/a>Re\u010dica, 17.04.2022.<br \/>\nProslava uskrsnu\u0107a na\u0161eg Gospodina zapo\u010dela je slu\u017ebom Slu\u017ebom svjetla ispred \u017eupne crkve. Slu\u017ebu je predvodio \u017eupnik vl\u010d Lovro. Nakon Slu\u017ebe rije\u010di zvona su sve\u010dano najavila Isus je \u017eiv, uskrsnuo je.\u00a0 Sve\u010danu misu uskrsnu\u0107a predvodio je \u017eupnik koji je u svojoj homiliji naglasio da nakon u\u017easnog Kristovog krika s kri\u017ea; Gotovo je, nakon groba i ti\u0161ine Velike subote odjekuje radostan pjev Crkve Aleluja &#8211; Isus je \u017eiv, smrt je pobije\u0111ena, <a href=\"http:\/\/zupa-svik-recica.hr\/wp-content\/uploads\/2022\/04\/IMG-20220417-WA0002.jpg\"><img loading=\"lazy\" class=\"alignleft size-medium wp-image-3369\" src=\"http:\/\/zupa-svik-recica.hr\/wp-content\/uploads\/2022\/04\/IMG-20220417-WA0002-300x225.jpg\" alt=\"\" width=\"300\" height=\"225\" srcset=\"https:\/\/zupa-svik-recica.hr\/wp-content\/uploads\/2022\/04\/IMG-20220417-WA0002-300x225.jpg 300w, https:\/\/zupa-svik-recica.hr\/wp-content\/uploads\/2022\/04\/IMG-20220417-WA0002-1024x768.jpg 1024w, https:\/\/zupa-svik-recica.hr\/wp-content\/uploads\/2022\/04\/IMG-20220417-WA0002-768x576.jpg 768w, https:\/\/zupa-svik-recica.hr\/wp-content\/uploads\/2022\/04\/IMG-20220417-WA0002-1536x1152.jpg 1536w, https:\/\/zupa-svik-recica.hr\/wp-content\/uploads\/2022\/04\/IMG-20220417-WA0002.jpg 1600w\" sizes=\"(max-width: 300px) 100vw, 300px\" \/><\/a>Posebno je naglasio da osudom, poni\u017eenjem su\u0111eno je nadi, istini i ljubavi, upravo onome \u0161to je sr\u017e na\u0161e vjere a onda dolazi uskrsna poruka: nadu, istinu i \u017eivot nitko ne mo\u017ee uni\u0161titi. Svjetlo uskrsne svije\u0107e razgoni mrak zla, la\u017ei i istine i smrti i grijeha.<br \/>\nPodsjetio je da nakon dvije godine, prvo pandemija, a onda zatvorena crkva nakon potresa , mo\u017eemo radosno slaviti Uskrs u svojoj ranjenoj crkvi.<br \/>\n<a href=\"http:\/\/zupa-svik-recica.hr\/wp-content\/uploads\/2022\/04\/20220416_214349-scaled.jpg\"><img loading=\"lazy\" class=\"alignleft size-medium wp-image-3368\" src=\"http:\/\/zupa-svik-recica.hr\/wp-content\/uploads\/2022\/04\/20220416_214349-225x300.jpg\" alt=\"\" width=\"225\" height=\"300\" srcset=\"https:\/\/zupa-svik-recica.hr\/wp-content\/uploads\/2022\/04\/20220416_214349-225x300.jpg 225w, https:\/\/zupa-svik-recica.hr\/wp-content\/uploads\/2022\/04\/20220416_214349-768x1024.jpg 768w, https:\/\/zupa-svik-recica.hr\/wp-content\/uploads\/2022\/04\/20220416_214349-1152x1536.jpg 1152w, https:\/\/zupa-svik-recica.hr\/wp-content\/uploads\/2022\/04\/20220416_214349-1536x2048.jpg 1536w, https:\/\/zupa-svik-recica.hr\/wp-content\/uploads\/2022\/04\/20220416_214349-scaled.jpg 1920w\" sizes=\"(max-width: 225px) 100vw, 225px\" \/><\/a>Na poldanjoj svetoj misi u svojoj homiliji \u017eupnik se osvrnuo na rije\u010di apostola Petra &#8230;pro\u0161ao je svijetom \u010dine\u0107i dobro&#8230;.njega smako\u0161e objesiv\u0161i ga na stup&#8230; Kristova muka i smrt nisu nesre\u0107a nego dio na\u0161ega spasenja. Sve \u0161to je Isus \u010dinio bila je poslu\u0161nost nebeskom Ocu. Kao \u010dovjek vpio je : neka me mimoi\u0111e ova \u010da\u0161a&#8230;ali vjerom u sebi govorio je tako\u0111er&#8230;neka bude tvoja volja. Podlaganjem volji O\u010devoj i na\u0161e patnje, boli ucjepljene u Kristovu bol i patnju nisu besmisao, nesre\u0107a nego mogu biti dio Bo\u017ejeg djela spasenja prinesene za na\u0161e bli\u017enje. Stoga je Kristovo uskrsnu\u0107e i na\u0161e uzdignu\u0107e.<br \/>\n<a href=\"http:\/\/zupa-svik-recica.hr\/wp-content\/uploads\/2022\/04\/IMG-20220417-WA0007.jpg\"><img loading=\"lazy\" class=\"alignleft size-medium wp-image-3373\" src=\"http:\/\/zupa-svik-recica.hr\/wp-content\/uploads\/2022\/04\/IMG-20220417-WA0007-300x225.jpg\" alt=\"\" width=\"300\" height=\"225\" srcset=\"https:\/\/zupa-svik-recica.hr\/wp-content\/uploads\/2022\/04\/IMG-20220417-WA0007-300x225.jpg 300w, https:\/\/zupa-svik-recica.hr\/wp-content\/uploads\/2022\/04\/IMG-20220417-WA0007-1024x768.jpg 1024w, https:\/\/zupa-svik-recica.hr\/wp-content\/uploads\/2022\/04\/IMG-20220417-WA0007-768x576.jpg 768w, https:\/\/zupa-svik-recica.hr\/wp-content\/uploads\/2022\/04\/IMG-20220417-WA0007-1536x1152.jpg 1536w, https:\/\/zupa-svik-recica.hr\/wp-content\/uploads\/2022\/04\/IMG-20220417-WA0007.jpg 1600w\" sizes=\"(max-width: 300px) 100vw, 300px\" \/><\/a> Prvi puta u povijesti uskrsna sveta misa slu\u017eena je i u kapelici svetoga Florijana u Zamr\u0161ju. Za tu priliku \u017eupljani toga dijela \u017eupe prekrasno su uredili okoli\u0161 i samu kapelicu u kojoj i oko koje se okupio lijepi vroj vjernika.<br \/>\nNa svetoj misi pjevali su mladi predvo\u0111eni sviranjem na gitari mlade studentice Ane \u0160karice.<br \/>\n<a href=\"http:\/\/zupa-svik-recica.hr\/wp-content\/uploads\/2022\/04\/IMG-20220417-WA0011.jpg\"><img loading=\"lazy\" class=\"alignleft size-medium wp-image-3374\" src=\"http:\/\/zupa-svik-recica.hr\/wp-content\/uploads\/2022\/04\/IMG-20220417-WA0011-300x225.jpg\" alt=\"\" width=\"300\" height=\"225\" srcset=\"https:\/\/zupa-svik-recica.hr\/wp-content\/uploads\/2022\/04\/IMG-20220417-WA0011-300x225.jpg 300w, https:\/\/zupa-svik-recica.hr\/wp-content\/uploads\/2022\/04\/IMG-20220417-WA0011-1024x768.jpg 1024w, https:\/\/zupa-svik-recica.hr\/wp-content\/uploads\/2022\/04\/IMG-20220417-WA0011-768x576.jpg 768w, https:\/\/zupa-svik-recica.hr\/wp-content\/uploads\/2022\/04\/IMG-20220417-WA0011-1536x1152.jpg 1536w, https:\/\/zupa-svik-recica.hr\/wp-content\/uploads\/2022\/04\/IMG-20220417-WA0011.jpg 1600w\" sizes=\"(max-width: 300px) 100vw, 300px\" \/><\/a><a href=\"http:\/\/zupa-svik-recica.hr\/wp-content\/uploads\/2022\/04\/IMG-20220417-WA0001.jpg\"><img loading=\"lazy\" class=\"alignleft size-medium wp-image-3372\" src=\"http:\/\/zupa-svik-recica.hr\/wp-content\/uploads\/2022\/04\/IMG-20220417-WA0001-300x225.jpg\" alt=\"\" width=\"300\" height=\"225\" srcset=\"https:\/\/zupa-svik-recica.hr\/wp-content\/uploads\/2022\/04\/IMG-20220417-WA0001-300x225.jpg 300w, https:\/\/zupa-svik-recica.hr\/wp-content\/uploads\/2022\/04\/IMG-20220417-WA0001-1024x768.jpg 1024w, https:\/\/zupa-svik-recica.hr\/wp-content\/uploads\/2022\/04\/IMG-20220417-WA0001-768x576.jpg 768w, https:\/\/zupa-svik-recica.hr\/wp-content\/uploads\/2022\/04\/IMG-20220417-WA0001-1536x1152.jpg 1536w, https:\/\/zupa-svik-recica.hr\/wp-content\/uploads\/2022\/04\/IMG-20220417-WA0001.jpg 1600w\" sizes=\"(max-width: 300px) 100vw, 300px\" \/><\/a><\/p>\n","protected":false},"excerpt":{"rendered":"<p>Re\u010dica, 17.04.2022. Proslava uskrsnu\u0107a na\u0161eg Gospodina zapo\u010dela je slu\u017ebom Slu\u017ebom svjetla ispred \u017eupne crkve. Slu\u017ebu je predvodio \u017eupnik vl\u010d Lovro. Nakon Slu\u017ebe rije\u010di zvona su sve\u010dano najavila Isus je \u017eiv, uskrsnuo je.\u00a0 Sve\u010danu misu uskrsnu\u0107a predvodio je \u017eupnik koji je u svojoj homiliji naglasio da nakon u\u017easnog Kristovog krika s kri\u017ea; Gotovo je, nakon groba &hellip; <\/p>\n<p class=\"link-more\"><a href=\"https:\/\/zupa-svik-recica.hr\/index.php\/2022\/04\/18\/uskrs-u-nasoj-zupi-2\/\" class=\"more-link\">Nastavi \u010ditati<span class=\"screen-reader-text\"> &#8220;USKRS U NA\u0160OJ \u017dUPI&#8221;<\/span><\/a><\/p>\n","protected":false},"author":3,"featured_media":0,"comment_status":"open","ping_status":"open","sticky":false,"template":"","format":"standard","meta":{"_mi_skip_tracking":false},"categories":[4],"tags":[],"_links":{"self":[{"href":"https:\/\/zupa-svik-recica.hr\/index.php\/wp-json\/wp\/v2\/posts\/3366"}],"collection":[{"href":"https:\/\/zupa-svik-recica.hr\/index.php\/wp-json\/wp\/v2\/posts"}],"about":[{"href":"https:\/\/zupa-svik-recica.hr\/index.php\/wp-json\/wp\/v2\/types\/post"}],"author":[{"embeddable":true,"href":"https:\/\/zupa-svik-recica.hr\/index.php\/wp-json\/wp\/v2\/users\/3"}],"replies":[{"embeddable":true,"href":"https:\/\/zupa-svik-recica.hr\/index.php\/wp-json\/wp\/v2\/comments?post=3366"}],"version-history":[{"count":1,"href":"https:\/\/zupa-svik-recica.hr\/index.php\/wp-json\/wp\/v2\/posts\/3366\/revisions"}],"predecessor-version":[{"id":3375,"href":"https:\/\/zupa-svik-recica.hr\/index.php\/wp-json\/wp\/v2\/posts\/3366\/revisions\/3375"}],"wp:attachment":[{"href":"https:\/\/zupa-svik-recica.hr\/index.php\/wp-json\/wp\/v2\/media?parent=3366"}],"wp:term":[{"taxonomy":"category","embeddable":true,"href":"https:\/\/zupa-svik-recica.hr\/index.php\/wp-json\/wp\/v2\/categories?post=3366"},{"taxonomy":"post_tag","embeddable":true,"href":"https:\/\/zupa-svik-recica.hr\/index.php\/wp-json\/wp\/v2\/tags?post=3366"}],"curies":[{"name":"wp","href":"https:\/\/api.w.org\/{rel}","templated":true}]}}