{"id":3343,"date":"2022-04-11T11:58:55","date_gmt":"2022-04-11T09:58:55","guid":{"rendered":"http:\/\/zupa-svik-recica.hr\/?p=3343"},"modified":"2022-04-11T11:58:55","modified_gmt":"2022-04-11T09:58:55","slug":"cvjetnica-u-recici","status":"publish","type":"post","link":"https:\/\/zupa-svik-recica.hr\/index.php\/2022\/04\/11\/cvjetnica-u-recici\/","title":{"rendered":"CVJETNICA U RE\u010cICI"},"content":{"rendered":"<p><a href=\"http:\/\/zupa-svik-recica.hr\/wp-content\/uploads\/2022\/04\/IMG_5108.jpg\"><img loading=\"lazy\" class=\"alignleft size-medium wp-image-3344\" src=\"http:\/\/zupa-svik-recica.hr\/wp-content\/uploads\/2022\/04\/IMG_5108-300x200.jpg\" alt=\"\" width=\"300\" height=\"200\" srcset=\"https:\/\/zupa-svik-recica.hr\/wp-content\/uploads\/2022\/04\/IMG_5108-300x200.jpg 300w, https:\/\/zupa-svik-recica.hr\/wp-content\/uploads\/2022\/04\/IMG_5108-1024x683.jpg 1024w, https:\/\/zupa-svik-recica.hr\/wp-content\/uploads\/2022\/04\/IMG_5108-768x512.jpg 768w, https:\/\/zupa-svik-recica.hr\/wp-content\/uploads\/2022\/04\/IMG_5108-1536x1024.jpg 1536w, https:\/\/zupa-svik-recica.hr\/wp-content\/uploads\/2022\/04\/IMG_5108-2048x1366.jpg 2048w\" sizes=\"(max-width: 300px) 100vw, 300px\" \/><\/a>Re\u010dica,10.04.2022.<br \/>\nNakon dvije godine proslavili smo Cvjetnicu &#8220;na re\u010di\u010dki na\u010din&#8221; Nakon blagoslova gran\u010dica na prostoru ispred \u017eupne crkve krenula je sve\u010dana procesija kroz \u017eupni park u crkvu na euharistiju koju je predvodio \u017eupnik Lovro Zaplati\u0107 koji je naglasio da je ovaj korizmeni hod kroz 40 dana otkrivao svu ljepotu na\u0161e vjere &#8211; svu ljepotu vjere u Boga, milosrdnog Boga koji nas \u010deka, saginje se do nas, koji ne prekorava, ne spo\u010ditava, ve\u0107 ljubi neshvatljivom ljubavlju. Otkrivali smo da postoji On koji nas \u010deka, pa\u010de, ne samo to, onaj koji nam hrli ususret.Bez straha od prijekora krenimo prema njemu. Svi mi nosimo odre\u0111enu patnju, kri\u017eeve, razo\u010daranja, muke kroz tjedan pred nama zagledajmo se u to Bo\u017eje lice ozna\u010deno patnjom. I Bog pati, nosi patnje, patnje svih nas. Ostavimo svoje patnje, grijehe, proma\u0161aje pred ovim \u017ertvenikom i dopustimo mu da nam po uskrsnu\u0107u daruje novi \u017eivot.<br \/>\n<a href=\"http:\/\/zupa-svik-recica.hr\/wp-content\/uploads\/2022\/04\/IMG_5123.jpg\"><img loading=\"lazy\" class=\"alignleft size-medium wp-image-3345\" src=\"http:\/\/zupa-svik-recica.hr\/wp-content\/uploads\/2022\/04\/IMG_5123-300x200.jpg\" alt=\"\" width=\"300\" height=\"200\" srcset=\"https:\/\/zupa-svik-recica.hr\/wp-content\/uploads\/2022\/04\/IMG_5123-300x200.jpg 300w, https:\/\/zupa-svik-recica.hr\/wp-content\/uploads\/2022\/04\/IMG_5123-1024x683.jpg 1024w, https:\/\/zupa-svik-recica.hr\/wp-content\/uploads\/2022\/04\/IMG_5123-768x512.jpg 768w, https:\/\/zupa-svik-recica.hr\/wp-content\/uploads\/2022\/04\/IMG_5123-1536x1024.jpg 1536w, https:\/\/zupa-svik-recica.hr\/wp-content\/uploads\/2022\/04\/IMG_5123-2048x1366.jpg 2048w\" sizes=\"(max-width: 300px) 100vw, 300px\" \/><\/a>Poslije svete mise djeca osnovne \u0161kole Re\u010dica i najmla\u0111i \u010dlanovi KUD Re\u010dica na platou ispred crkve izveli su kratak program na po\u010detku kojega je predsjednik KUD Re\u010dica gosp Josip Pera\u010d pozdravio prisutne i prisjetio se osniva\u010da Re\u010di\u010dke Cvjetnice pokojno Josipa \u017dunca &#8211; \u017dutog.<br \/>\n<a href=\"http:\/\/zupa-svik-recica.hr\/wp-content\/uploads\/2022\/04\/20220409_064902-scaled.jpg\"><img loading=\"lazy\" class=\"alignleft size-medium wp-image-3346\" src=\"http:\/\/zupa-svik-recica.hr\/wp-content\/uploads\/2022\/04\/20220409_064902-225x300.jpg\" alt=\"\" width=\"225\" height=\"300\" srcset=\"https:\/\/zupa-svik-recica.hr\/wp-content\/uploads\/2022\/04\/20220409_064902-225x300.jpg 225w, https:\/\/zupa-svik-recica.hr\/wp-content\/uploads\/2022\/04\/20220409_064902-768x1024.jpg 768w, https:\/\/zupa-svik-recica.hr\/wp-content\/uploads\/2022\/04\/20220409_064902-1152x1536.jpg 1152w, https:\/\/zupa-svik-recica.hr\/wp-content\/uploads\/2022\/04\/20220409_064902-1536x2048.jpg 1536w, https:\/\/zupa-svik-recica.hr\/wp-content\/uploads\/2022\/04\/20220409_064902-scaled.jpg 1920w\" sizes=\"(max-width: 225px) 100vw, 225px\" \/><\/a>U prostorija Pastoralnog centra u organizaciji KUD Re\u010dica i O\u0160 Re\u010dica odr\u017eana je lijepa izlo\u017eba pisanica i rukotvorina re\u010di\u010dkih \u017eena.<br \/>\nIzlo\u017eba je bila jako lijepo posje\u0107ena kroz cijeli dan.<br \/>\nTako su u jednom doga\u0111aju bila spojena vjera i tradicija kao dio narodne du\u0161e i ba\u0161tine nadopunjuju\u0107i jedno drugo u raznolikosti i bogatstvu.<br \/>\nNakon zatvorenosti u pandemiji malo smo mogli udisati svje\u017ei zrak, zagledati se jedni drugima u lice i podariti jedni drugima iskreni osmjeh.<br \/>\n<a href=\"http:\/\/zupa-svik-recica.hr\/wp-content\/uploads\/2022\/04\/278238870_1767687300234023_5856192751708550885_n.jpg\"><img loading=\"lazy\" class=\"alignleft size-medium wp-image-3348\" src=\"http:\/\/zupa-svik-recica.hr\/wp-content\/uploads\/2022\/04\/278238870_1767687300234023_5856192751708550885_n-300x225.jpg\" alt=\"\" width=\"300\" height=\"225\" srcset=\"https:\/\/zupa-svik-recica.hr\/wp-content\/uploads\/2022\/04\/278238870_1767687300234023_5856192751708550885_n-300x225.jpg 300w, https:\/\/zupa-svik-recica.hr\/wp-content\/uploads\/2022\/04\/278238870_1767687300234023_5856192751708550885_n-1024x768.jpg 1024w, https:\/\/zupa-svik-recica.hr\/wp-content\/uploads\/2022\/04\/278238870_1767687300234023_5856192751708550885_n-768x576.jpg 768w, https:\/\/zupa-svik-recica.hr\/wp-content\/uploads\/2022\/04\/278238870_1767687300234023_5856192751708550885_n-1536x1152.jpg 1536w, https:\/\/zupa-svik-recica.hr\/wp-content\/uploads\/2022\/04\/278238870_1767687300234023_5856192751708550885_n.jpg 1600w\" sizes=\"(max-width: 300px) 100vw, 300px\" \/><\/a><\/p>\n","protected":false},"excerpt":{"rendered":"<p>Re\u010dica,10.04.2022. Nakon dvije godine proslavili smo Cvjetnicu &#8220;na re\u010di\u010dki na\u010din&#8221; Nakon blagoslova gran\u010dica na prostoru ispred \u017eupne crkve krenula je sve\u010dana procesija kroz \u017eupni park u crkvu na euharistiju koju je predvodio \u017eupnik Lovro Zaplati\u0107 koji je naglasio da je ovaj korizmeni hod kroz 40 dana otkrivao svu ljepotu na\u0161e vjere &#8211; svu ljepotu vjere &hellip; <\/p>\n<p class=\"link-more\"><a href=\"https:\/\/zupa-svik-recica.hr\/index.php\/2022\/04\/11\/cvjetnica-u-recici\/\" class=\"more-link\">Nastavi \u010ditati<span class=\"screen-reader-text\"> &#8220;CVJETNICA U RE\u010cICI&#8221;<\/span><\/a><\/p>\n","protected":false},"author":3,"featured_media":0,"comment_status":"open","ping_status":"open","sticky":false,"template":"","format":"standard","meta":{"_mi_skip_tracking":false},"categories":[4],"tags":[],"_links":{"self":[{"href":"https:\/\/zupa-svik-recica.hr\/index.php\/wp-json\/wp\/v2\/posts\/3343"}],"collection":[{"href":"https:\/\/zupa-svik-recica.hr\/index.php\/wp-json\/wp\/v2\/posts"}],"about":[{"href":"https:\/\/zupa-svik-recica.hr\/index.php\/wp-json\/wp\/v2\/types\/post"}],"author":[{"embeddable":true,"href":"https:\/\/zupa-svik-recica.hr\/index.php\/wp-json\/wp\/v2\/users\/3"}],"replies":[{"embeddable":true,"href":"https:\/\/zupa-svik-recica.hr\/index.php\/wp-json\/wp\/v2\/comments?post=3343"}],"version-history":[{"count":1,"href":"https:\/\/zupa-svik-recica.hr\/index.php\/wp-json\/wp\/v2\/posts\/3343\/revisions"}],"predecessor-version":[{"id":3349,"href":"https:\/\/zupa-svik-recica.hr\/index.php\/wp-json\/wp\/v2\/posts\/3343\/revisions\/3349"}],"wp:attachment":[{"href":"https:\/\/zupa-svik-recica.hr\/index.php\/wp-json\/wp\/v2\/media?parent=3343"}],"wp:term":[{"taxonomy":"category","embeddable":true,"href":"https:\/\/zupa-svik-recica.hr\/index.php\/wp-json\/wp\/v2\/categories?post=3343"},{"taxonomy":"post_tag","embeddable":true,"href":"https:\/\/zupa-svik-recica.hr\/index.php\/wp-json\/wp\/v2\/tags?post=3343"}],"curies":[{"name":"wp","href":"https:\/\/api.w.org\/{rel}","templated":true}]}}