{"id":2947,"date":"2021-03-05T10:24:23","date_gmt":"2021-03-05T09:24:23","guid":{"rendered":"http:\/\/zupa-svik-recica.hr\/?p=2947"},"modified":"2021-03-05T10:24:23","modified_gmt":"2021-03-05T09:24:23","slug":"zapocele-zupne-kateheze-u-zivo","status":"publish","type":"post","link":"https:\/\/zupa-svik-recica.hr\/index.php\/2021\/03\/05\/zapocele-zupne-kateheze-u-zivo\/","title":{"rendered":"Zapo\u010dele \u017eupne kateheze &#8221; u \u017eivo&#8221;"},"content":{"rendered":"<p><a href=\"http:\/\/zupa-svik-recica.hr\/wp-content\/uploads\/2021\/03\/20210304_173334.jpg\"><img loading=\"lazy\" class=\"alignleft size-full wp-image-2948\" src=\"http:\/\/zupa-svik-recica.hr\/wp-content\/uploads\/2021\/03\/20210304_173334.jpg\" alt=\"\" width=\"160\" height=\"213\" \/><\/a>U \u010detvrtak 04. o\u017eujka zapo\u010deli smo u na\u0161em Pastoralnom centru uz sve epidemiolo\u0161ke mjere kateheze &#8221; u \u017eivo&#8221;. Do sada su vjerou\u010denici kateheze dobivali svaki tjedan on line. Nadamo se da \u0107e nas epidemiolo\u0161ke mjere poslu\u017eiti i da \u0107emo uspjeti odr\u017eavati redovito kateheze.<br \/>\nLed su probili na\u0161i kandidati za prvu pri\u010dest koji su se iskazali i u on line katehezama redovito rje\u0161avaju\u0107i zadatke i \u0161alju\u0107i rje\u0161enja.<br \/>\n<a href=\"http:\/\/zupa-svik-recica.hr\/wp-content\/uploads\/2021\/03\/20201014_195826.jpg\"><img loading=\"lazy\" class=\"alignleft  wp-image-2949\" src=\"http:\/\/zupa-svik-recica.hr\/wp-content\/uploads\/2021\/03\/20201014_195826-225x300.jpg\" alt=\"\" width=\"126\" height=\"168\" srcset=\"https:\/\/zupa-svik-recica.hr\/wp-content\/uploads\/2021\/03\/20201014_195826-225x300.jpg 225w, https:\/\/zupa-svik-recica.hr\/wp-content\/uploads\/2021\/03\/20201014_195826.jpg 290w\" sizes=\"(max-width: 126px) 100vw, 126px\" \/><\/a><br \/>\nSlijede\u0107i tjedan zapo\u010dinje i s katehezama za kandidate za svetu potvrdu. Biti \u0107e podijeljene u dvije grupe: sedmi i osmi razred.<br \/>\nI oni su do sada imali on line kateheze i isto su tako marljivo rje\u0161avali svoje zadatke.<br \/>\nValja pohvaliti suradnju svih kandidata kao i njihovih roditelja. Osim kateheta, uslijed toga \u0161to nam je crkva radi potresa zatvorena redovito poha\u0111aju i nedjeljnu svetu misu koja je za njih subotom nave\u010der.<\/p>\n","protected":false},"excerpt":{"rendered":"<p>U \u010detvrtak 04. o\u017eujka zapo\u010deli smo u na\u0161em Pastoralnom centru uz sve epidemiolo\u0161ke mjere kateheze &#8221; u \u017eivo&#8221;. Do sada su vjerou\u010denici kateheze dobivali svaki tjedan on line. Nadamo se da \u0107e nas epidemiolo\u0161ke mjere poslu\u017eiti i da \u0107emo uspjeti odr\u017eavati redovito kateheze. Led su probili na\u0161i kandidati za prvu pri\u010dest koji su se iskazali &hellip; <\/p>\n<p class=\"link-more\"><a href=\"https:\/\/zupa-svik-recica.hr\/index.php\/2021\/03\/05\/zapocele-zupne-kateheze-u-zivo\/\" class=\"more-link\">Nastavi \u010ditati<span class=\"screen-reader-text\"> &#8220;Zapo\u010dele \u017eupne kateheze &#8221; u \u017eivo&#8221;&#8221;<\/span><\/a><\/p>\n","protected":false},"author":3,"featured_media":0,"comment_status":"open","ping_status":"open","sticky":false,"template":"","format":"standard","meta":{"_mi_skip_tracking":false},"categories":[4],"tags":[],"_links":{"self":[{"href":"https:\/\/zupa-svik-recica.hr\/index.php\/wp-json\/wp\/v2\/posts\/2947"}],"collection":[{"href":"https:\/\/zupa-svik-recica.hr\/index.php\/wp-json\/wp\/v2\/posts"}],"about":[{"href":"https:\/\/zupa-svik-recica.hr\/index.php\/wp-json\/wp\/v2\/types\/post"}],"author":[{"embeddable":true,"href":"https:\/\/zupa-svik-recica.hr\/index.php\/wp-json\/wp\/v2\/users\/3"}],"replies":[{"embeddable":true,"href":"https:\/\/zupa-svik-recica.hr\/index.php\/wp-json\/wp\/v2\/comments?post=2947"}],"version-history":[{"count":1,"href":"https:\/\/zupa-svik-recica.hr\/index.php\/wp-json\/wp\/v2\/posts\/2947\/revisions"}],"predecessor-version":[{"id":2950,"href":"https:\/\/zupa-svik-recica.hr\/index.php\/wp-json\/wp\/v2\/posts\/2947\/revisions\/2950"}],"wp:attachment":[{"href":"https:\/\/zupa-svik-recica.hr\/index.php\/wp-json\/wp\/v2\/media?parent=2947"}],"wp:term":[{"taxonomy":"category","embeddable":true,"href":"https:\/\/zupa-svik-recica.hr\/index.php\/wp-json\/wp\/v2\/categories?post=2947"},{"taxonomy":"post_tag","embeddable":true,"href":"https:\/\/zupa-svik-recica.hr\/index.php\/wp-json\/wp\/v2\/tags?post=2947"}],"curies":[{"name":"wp","href":"https:\/\/api.w.org\/{rel}","templated":true}]}}