{"id":2917,"date":"2021-02-12T10:45:33","date_gmt":"2021-02-12T09:45:33","guid":{"rendered":"http:\/\/zupa-svik-recica.hr\/?p=2917"},"modified":"2021-02-12T10:45:33","modified_gmt":"2021-02-12T09:45:33","slug":"proslava-gospe-lurdske-ziva-krunica","status":"publish","type":"post","link":"https:\/\/zupa-svik-recica.hr\/index.php\/2021\/02\/12\/proslava-gospe-lurdske-ziva-krunica\/","title":{"rendered":"Proslava Gospe Lurdske &#8211; \u017eiva krunica"},"content":{"rendered":"<p><a href=\"http:\/\/zupa-svik-recica.hr\/wp-content\/uploads\/2021\/02\/gospa-lurdska.jpg\"><img loading=\"lazy\" class=\"alignleft size-medium wp-image-2918\" src=\"http:\/\/zupa-svik-recica.hr\/wp-content\/uploads\/2021\/02\/gospa-lurdska-225x300.jpg\" alt=\"\" width=\"225\" height=\"300\" srcset=\"https:\/\/zupa-svik-recica.hr\/wp-content\/uploads\/2021\/02\/gospa-lurdska-225x300.jpg 225w, https:\/\/zupa-svik-recica.hr\/wp-content\/uploads\/2021\/02\/gospa-lurdska.jpg 600w\" sizes=\"(max-width: 225px) 100vw, 225px\" \/><\/a>Na spomendan Gospe Lurdske &#8211; dana bolesnika proslava u \u017eupi zapo\u010dela je molitvom krunice okupljenih u dvorani koja nam slu\u017ei kao privremeni bogoslu\u017eni prostor u 17,30 sati. Na poziv \u017eupnika odazvali su se i bolesnici u svojim domovima, a i mnogi drugi \u017eupljani. Tako smo stvorili lanac \u017eive krunice u cijeloj na\u0161oj \u017eupi mole\u0107i za sve bolesnike.<br \/>\nNakon krunice i litanija slijedila je sveta misa koju je predvodio \u017eupnik vl\u010d Lovro Zaplati\u0107 za sve bolesnike, osobito na\u0161e \u017eupljane.<br \/>\nPrije pobo\u017enosti i svete mise vjernici su imali priliku i za svetu ispovijed.<\/p>\n","protected":false},"excerpt":{"rendered":"<p>Na spomendan Gospe Lurdske &#8211; dana bolesnika proslava u \u017eupi zapo\u010dela je molitvom krunice okupljenih u dvorani koja nam slu\u017ei kao privremeni bogoslu\u017eni prostor u 17,30 sati. Na poziv \u017eupnika odazvali su se i bolesnici u svojim domovima, a i mnogi drugi \u017eupljani. Tako smo stvorili lanac \u017eive krunice u cijeloj na\u0161oj \u017eupi mole\u0107i za &hellip; <\/p>\n<p class=\"link-more\"><a href=\"https:\/\/zupa-svik-recica.hr\/index.php\/2021\/02\/12\/proslava-gospe-lurdske-ziva-krunica\/\" class=\"more-link\">Nastavi \u010ditati<span class=\"screen-reader-text\"> &#8220;Proslava Gospe Lurdske &#8211; \u017eiva krunica&#8221;<\/span><\/a><\/p>\n","protected":false},"author":3,"featured_media":0,"comment_status":"open","ping_status":"open","sticky":false,"template":"","format":"standard","meta":{"_mi_skip_tracking":false},"categories":[4],"tags":[],"_links":{"self":[{"href":"https:\/\/zupa-svik-recica.hr\/index.php\/wp-json\/wp\/v2\/posts\/2917"}],"collection":[{"href":"https:\/\/zupa-svik-recica.hr\/index.php\/wp-json\/wp\/v2\/posts"}],"about":[{"href":"https:\/\/zupa-svik-recica.hr\/index.php\/wp-json\/wp\/v2\/types\/post"}],"author":[{"embeddable":true,"href":"https:\/\/zupa-svik-recica.hr\/index.php\/wp-json\/wp\/v2\/users\/3"}],"replies":[{"embeddable":true,"href":"https:\/\/zupa-svik-recica.hr\/index.php\/wp-json\/wp\/v2\/comments?post=2917"}],"version-history":[{"count":1,"href":"https:\/\/zupa-svik-recica.hr\/index.php\/wp-json\/wp\/v2\/posts\/2917\/revisions"}],"predecessor-version":[{"id":2919,"href":"https:\/\/zupa-svik-recica.hr\/index.php\/wp-json\/wp\/v2\/posts\/2917\/revisions\/2919"}],"wp:attachment":[{"href":"https:\/\/zupa-svik-recica.hr\/index.php\/wp-json\/wp\/v2\/media?parent=2917"}],"wp:term":[{"taxonomy":"category","embeddable":true,"href":"https:\/\/zupa-svik-recica.hr\/index.php\/wp-json\/wp\/v2\/categories?post=2917"},{"taxonomy":"post_tag","embeddable":true,"href":"https:\/\/zupa-svik-recica.hr\/index.php\/wp-json\/wp\/v2\/tags?post=2917"}],"curies":[{"name":"wp","href":"https:\/\/api.w.org\/{rel}","templated":true}]}}