{"id":2796,"date":"2020-11-29T15:26:05","date_gmt":"2020-11-29T14:26:05","guid":{"rendered":"http:\/\/zupa-svik-recica.hr\/?p=2796"},"modified":"2020-11-29T15:26:05","modified_gmt":"2020-11-29T14:26:05","slug":"prva-nedjelja-dosasca-2","status":"publish","type":"post","link":"https:\/\/zupa-svik-recica.hr\/index.php\/2020\/11\/29\/prva-nedjelja-dosasca-2\/","title":{"rendered":"Prva nedjelja do\u0161a\u0161\u0107a"},"content":{"rendered":"<p><a href=\"http:\/\/zupa-svik-recica.hr\/wp-content\/uploads\/2020\/11\/128255897_3894718683895532_1602013192180275338_o.jpg\"><img loading=\"lazy\" class=\"alignleft size-medium wp-image-2797\" src=\"http:\/\/zupa-svik-recica.hr\/wp-content\/uploads\/2020\/11\/128255897_3894718683895532_1602013192180275338_o-300x225.jpg\" alt=\"\" width=\"300\" height=\"225\" srcset=\"https:\/\/zupa-svik-recica.hr\/wp-content\/uploads\/2020\/11\/128255897_3894718683895532_1602013192180275338_o-300x225.jpg 300w, https:\/\/zupa-svik-recica.hr\/wp-content\/uploads\/2020\/11\/128255897_3894718683895532_1602013192180275338_o-1024x768.jpg 1024w, https:\/\/zupa-svik-recica.hr\/wp-content\/uploads\/2020\/11\/128255897_3894718683895532_1602013192180275338_o-768x576.jpg 768w, https:\/\/zupa-svik-recica.hr\/wp-content\/uploads\/2020\/11\/128255897_3894718683895532_1602013192180275338_o.jpg 1040w\" sizes=\"(max-width: 300px) 100vw, 300px\" \/><\/a>Shodno epidemiolo\u0161koj situaciji po\u010delo je i ovogodi\u0161nje vrijeme do\u0161a\u0161\u0107a. Sve je po\u010delo u subotu akcijom KUD-a Re\u010dica u \u017eupljana. Izradom adventskog vijenca na ulazu u \u017eupu i paljenjem prve svije\u0107e.<br \/>\nNa\u017ealost nije mogao biti ve\u0107i broj ljudi na ovoj\u00a0 sve\u010danosti. No to nije nimalo omelo ljepotu samoga doga\u0111aja,<br \/>\n<a href=\"http:\/\/zupa-svik-recica.hr\/wp-content\/uploads\/2020\/11\/128204760_203471118045146_4215824048866183101_n.jpg\"><img loading=\"lazy\" class=\"alignleft size-medium wp-image-2798\" src=\"http:\/\/zupa-svik-recica.hr\/wp-content\/uploads\/2020\/11\/128204760_203471118045146_4215824048866183101_n-300x225.jpg\" alt=\"\" width=\"300\" height=\"225\" srcset=\"https:\/\/zupa-svik-recica.hr\/wp-content\/uploads\/2020\/11\/128204760_203471118045146_4215824048866183101_n-300x225.jpg 300w, https:\/\/zupa-svik-recica.hr\/wp-content\/uploads\/2020\/11\/128204760_203471118045146_4215824048866183101_n-768x576.jpg 768w, https:\/\/zupa-svik-recica.hr\/wp-content\/uploads\/2020\/11\/128204760_203471118045146_4215824048866183101_n.jpg 960w\" sizes=\"(max-width: 300px) 100vw, 300px\" \/><\/a>U nedjlju smo misom zornicom zapo\u010deli i liturgijsko slavlje do\u0161a\u0161\u0107a i nove liturgijske godine. Na\u017ealost, i tu smo mjerama Nacionalnog sto\u017eera bili ograni\u010deni brojem vjernika i na\u010dinom slavljenja.<br \/>\nIpak, ovogodi\u0161nje do\u0161a\u0161\u0107e donijelo je i ne\u0161to dobro i lijepo u sebi &#8211; a to je izvorni duh do\u0161a\u0161\u0107a, kako je naglasio \u017eupnik u svojoj homiliji\u00a0 &#8211; mir. ti\u0161inu, izvorni smisao povratka &#8221; k sebi&#8221;.\u00a0 Zapravo ovo do\u0161a\u0161\u0107e je povratak ku\u0107i. Bog ima svoje putove kojima nas vra\u0107a onom \u0161to \u017eeli.<\/p>\n","protected":false},"excerpt":{"rendered":"<p>Shodno epidemiolo\u0161koj situaciji po\u010delo je i ovogodi\u0161nje vrijeme do\u0161a\u0161\u0107a. Sve je po\u010delo u subotu akcijom KUD-a Re\u010dica u \u017eupljana. Izradom adventskog vijenca na ulazu u \u017eupu i paljenjem prve svije\u0107e. Na\u017ealost nije mogao biti ve\u0107i broj ljudi na ovoj\u00a0 sve\u010danosti. No to nije nimalo omelo ljepotu samoga doga\u0111aja, U nedjlju smo misom zornicom zapo\u010deli i &hellip; <\/p>\n<p class=\"link-more\"><a href=\"https:\/\/zupa-svik-recica.hr\/index.php\/2020\/11\/29\/prva-nedjelja-dosasca-2\/\" class=\"more-link\">Nastavi \u010ditati<span class=\"screen-reader-text\"> &#8220;Prva nedjelja do\u0161a\u0161\u0107a&#8221;<\/span><\/a><\/p>\n","protected":false},"author":3,"featured_media":0,"comment_status":"open","ping_status":"open","sticky":false,"template":"","format":"standard","meta":{"_mi_skip_tracking":false},"categories":[4],"tags":[],"_links":{"self":[{"href":"https:\/\/zupa-svik-recica.hr\/index.php\/wp-json\/wp\/v2\/posts\/2796"}],"collection":[{"href":"https:\/\/zupa-svik-recica.hr\/index.php\/wp-json\/wp\/v2\/posts"}],"about":[{"href":"https:\/\/zupa-svik-recica.hr\/index.php\/wp-json\/wp\/v2\/types\/post"}],"author":[{"embeddable":true,"href":"https:\/\/zupa-svik-recica.hr\/index.php\/wp-json\/wp\/v2\/users\/3"}],"replies":[{"embeddable":true,"href":"https:\/\/zupa-svik-recica.hr\/index.php\/wp-json\/wp\/v2\/comments?post=2796"}],"version-history":[{"count":1,"href":"https:\/\/zupa-svik-recica.hr\/index.php\/wp-json\/wp\/v2\/posts\/2796\/revisions"}],"predecessor-version":[{"id":2799,"href":"https:\/\/zupa-svik-recica.hr\/index.php\/wp-json\/wp\/v2\/posts\/2796\/revisions\/2799"}],"wp:attachment":[{"href":"https:\/\/zupa-svik-recica.hr\/index.php\/wp-json\/wp\/v2\/media?parent=2796"}],"wp:term":[{"taxonomy":"category","embeddable":true,"href":"https:\/\/zupa-svik-recica.hr\/index.php\/wp-json\/wp\/v2\/categories?post=2796"},{"taxonomy":"post_tag","embeddable":true,"href":"https:\/\/zupa-svik-recica.hr\/index.php\/wp-json\/wp\/v2\/tags?post=2796"}],"curies":[{"name":"wp","href":"https:\/\/api.w.org\/{rel}","templated":true}]}}