{"id":2636,"date":"2020-09-21T11:43:12","date_gmt":"2020-09-21T09:43:12","guid":{"rendered":"http:\/\/zupa-svik-recica.hr\/?p=2636"},"modified":"2020-09-21T11:43:12","modified_gmt":"2020-09-21T09:43:12","slug":"zaziv-duha-svetoga-i-blagoslov-skolskog-pribora","status":"publish","type":"post","link":"https:\/\/zupa-svik-recica.hr\/index.php\/2020\/09\/21\/zaziv-duha-svetoga-i-blagoslov-skolskog-pribora\/","title":{"rendered":"ZAZIV DUHA SVETOGA I BLAGOSLOV \u0160KOLSKOG PRIBORA"},"content":{"rendered":"<p><a href=\"http:\/\/zupa-svik-recica.hr\/wp-content\/uploads\/2020\/09\/zaziv-duha.jpg\"><img loading=\"lazy\" class=\"alignleft size-medium wp-image-2637\" src=\"http:\/\/zupa-svik-recica.hr\/wp-content\/uploads\/2020\/09\/zaziv-duha-300x217.jpg\" alt=\"\" width=\"300\" height=\"217\" srcset=\"https:\/\/zupa-svik-recica.hr\/wp-content\/uploads\/2020\/09\/zaziv-duha-300x217.jpg 300w, https:\/\/zupa-svik-recica.hr\/wp-content\/uploads\/2020\/09\/zaziv-duha.jpg 585w\" sizes=\"(max-width: 300px) 100vw, 300px\" \/><\/a>Pod svetom misom u 11,00 sati u \u017eupnoj crkvi shodno epidemiolo\u0161kim mjerama\u00a0 \u017eupnik vl\u010d Lovro blagoslovio je \u0111ake, njihove torbe i \u0161kolski pribor.<br \/>\nSvetoj misi prisustvovali su \u0111aci i njihovi roditelji a \u017eupnik je u svojoj homiliji naglasio da \u0107emo kroz kateheze ne samo u\u010diti, ve\u0107 kroz hod otkrivati ljepotu Boga i svoje vjere.<\/p>\n","protected":false},"excerpt":{"rendered":"<p>Pod svetom misom u 11,00 sati u \u017eupnoj crkvi shodno epidemiolo\u0161kim mjerama\u00a0 \u017eupnik vl\u010d Lovro blagoslovio je \u0111ake, njihove torbe i \u0161kolski pribor. Svetoj misi prisustvovali su \u0111aci i njihovi roditelji a \u017eupnik je u svojoj homiliji naglasio da \u0107emo kroz kateheze ne samo u\u010diti, ve\u0107 kroz hod otkrivati ljepotu Boga i svoje vjere.<\/p>\n","protected":false},"author":3,"featured_media":0,"comment_status":"open","ping_status":"open","sticky":false,"template":"","format":"standard","meta":{"_mi_skip_tracking":false},"categories":[4],"tags":[],"_links":{"self":[{"href":"https:\/\/zupa-svik-recica.hr\/index.php\/wp-json\/wp\/v2\/posts\/2636"}],"collection":[{"href":"https:\/\/zupa-svik-recica.hr\/index.php\/wp-json\/wp\/v2\/posts"}],"about":[{"href":"https:\/\/zupa-svik-recica.hr\/index.php\/wp-json\/wp\/v2\/types\/post"}],"author":[{"embeddable":true,"href":"https:\/\/zupa-svik-recica.hr\/index.php\/wp-json\/wp\/v2\/users\/3"}],"replies":[{"embeddable":true,"href":"https:\/\/zupa-svik-recica.hr\/index.php\/wp-json\/wp\/v2\/comments?post=2636"}],"version-history":[{"count":1,"href":"https:\/\/zupa-svik-recica.hr\/index.php\/wp-json\/wp\/v2\/posts\/2636\/revisions"}],"predecessor-version":[{"id":2638,"href":"https:\/\/zupa-svik-recica.hr\/index.php\/wp-json\/wp\/v2\/posts\/2636\/revisions\/2638"}],"wp:attachment":[{"href":"https:\/\/zupa-svik-recica.hr\/index.php\/wp-json\/wp\/v2\/media?parent=2636"}],"wp:term":[{"taxonomy":"category","embeddable":true,"href":"https:\/\/zupa-svik-recica.hr\/index.php\/wp-json\/wp\/v2\/categories?post=2636"},{"taxonomy":"post_tag","embeddable":true,"href":"https:\/\/zupa-svik-recica.hr\/index.php\/wp-json\/wp\/v2\/tags?post=2636"}],"curies":[{"name":"wp","href":"https:\/\/api.w.org\/{rel}","templated":true}]}}