{"id":2552,"date":"2020-06-01T11:41:54","date_gmt":"2020-06-01T09:41:54","guid":{"rendered":"http:\/\/zupa-svik-recica.hr\/?p=2552"},"modified":"2020-06-01T11:41:54","modified_gmt":"2020-06-01T09:41:54","slug":"proslava-svetkovine-duhova","status":"publish","type":"post","link":"https:\/\/zupa-svik-recica.hr\/index.php\/2020\/06\/01\/proslava-svetkovine-duhova\/","title":{"rendered":"Proslava svetkovine Duhova"},"content":{"rendered":"<p><a href=\"http:\/\/zupa-svik-recica.hr\/wp-content\/uploads\/2020\/06\/duh-sveti.jpg\"><img loading=\"lazy\" class=\"alignleft size-medium wp-image-2553\" src=\"http:\/\/zupa-svik-recica.hr\/wp-content\/uploads\/2020\/06\/duh-sveti-281x300.jpg\" alt=\"\" width=\"281\" height=\"300\" srcset=\"https:\/\/zupa-svik-recica.hr\/wp-content\/uploads\/2020\/06\/duh-sveti-281x300.jpg 281w, https:\/\/zupa-svik-recica.hr\/wp-content\/uploads\/2020\/06\/duh-sveti-958x1024.jpg 958w, https:\/\/zupa-svik-recica.hr\/wp-content\/uploads\/2020\/06\/duh-sveti-768x821.jpg 768w, https:\/\/zupa-svik-recica.hr\/wp-content\/uploads\/2020\/06\/duh-sveti.jpg 1300w\" sizes=\"(max-width: 281px) 100vw, 281px\" \/><\/a>&#8220;Kao \u0161to mene posla Otac i ja \u0161aljem vas&#8221;.<br \/>\nMo\u017eda ove Isusove rije\u010di izre\u010dene na dan uskrsnu\u0107a nisu tada doprle do svijesti. U trenutku silaska Duha Svetoga na Pedestnicu postaje ima jasno njihovo poslanje. Po\u010dinje navje\u0161taj Isusa Krista Crkva taj dan uzima kao dan svoga ro\u0111enja &#8211; ro\u0111endan Isusove zajednice &#8211; Crkve na zemlji. Po\u010detak njezina hoda kroz narode i povijest. Tom mi\u0161lju predvoditelj slavlja u na\u0161oj \u017eupi po\u010deo je na\u0161e razmi\u0161ljanje u svetkovini ali i nama kao Crkvi danas.<br \/>\nMo\u017eda ponekad nismo zadovoljni tom Crkvom danas, mo\u017eda ponekad razo\u010darani jer nije onako kako mi to zami\u0161ljamo. Ali Duh Sveti je uvijek onaj koji je vodi kroz sve stranputice \u017eivota. Dana\u0161nja svetkovina poti\u010de nas da je uvijek volimo &#8211; jer ona je na\u0161a Crkva.<\/p>\n","protected":false},"excerpt":{"rendered":"<p>&#8220;Kao \u0161to mene posla Otac i ja \u0161aljem vas&#8221;. Mo\u017eda ove Isusove rije\u010di izre\u010dene na dan uskrsnu\u0107a nisu tada doprle do svijesti. U trenutku silaska Duha Svetoga na Pedestnicu postaje ima jasno njihovo poslanje. Po\u010dinje navje\u0161taj Isusa Krista Crkva taj dan uzima kao dan svoga ro\u0111enja &#8211; ro\u0111endan Isusove zajednice &#8211; Crkve na zemlji. Po\u010detak &hellip; <\/p>\n<p class=\"link-more\"><a href=\"https:\/\/zupa-svik-recica.hr\/index.php\/2020\/06\/01\/proslava-svetkovine-duhova\/\" class=\"more-link\">Nastavi \u010ditati<span class=\"screen-reader-text\"> &#8220;Proslava svetkovine Duhova&#8221;<\/span><\/a><\/p>\n","protected":false},"author":3,"featured_media":0,"comment_status":"open","ping_status":"open","sticky":false,"template":"","format":"standard","meta":{"_mi_skip_tracking":false},"categories":[4],"tags":[],"_links":{"self":[{"href":"https:\/\/zupa-svik-recica.hr\/index.php\/wp-json\/wp\/v2\/posts\/2552"}],"collection":[{"href":"https:\/\/zupa-svik-recica.hr\/index.php\/wp-json\/wp\/v2\/posts"}],"about":[{"href":"https:\/\/zupa-svik-recica.hr\/index.php\/wp-json\/wp\/v2\/types\/post"}],"author":[{"embeddable":true,"href":"https:\/\/zupa-svik-recica.hr\/index.php\/wp-json\/wp\/v2\/users\/3"}],"replies":[{"embeddable":true,"href":"https:\/\/zupa-svik-recica.hr\/index.php\/wp-json\/wp\/v2\/comments?post=2552"}],"version-history":[{"count":1,"href":"https:\/\/zupa-svik-recica.hr\/index.php\/wp-json\/wp\/v2\/posts\/2552\/revisions"}],"predecessor-version":[{"id":2554,"href":"https:\/\/zupa-svik-recica.hr\/index.php\/wp-json\/wp\/v2\/posts\/2552\/revisions\/2554"}],"wp:attachment":[{"href":"https:\/\/zupa-svik-recica.hr\/index.php\/wp-json\/wp\/v2\/media?parent=2552"}],"wp:term":[{"taxonomy":"category","embeddable":true,"href":"https:\/\/zupa-svik-recica.hr\/index.php\/wp-json\/wp\/v2\/categories?post=2552"},{"taxonomy":"post_tag","embeddable":true,"href":"https:\/\/zupa-svik-recica.hr\/index.php\/wp-json\/wp\/v2\/tags?post=2552"}],"curies":[{"name":"wp","href":"https:\/\/api.w.org\/{rel}","templated":true}]}}