{"id":2429,"date":"2020-03-19T11:11:11","date_gmt":"2020-03-19T10:11:11","guid":{"rendered":"http:\/\/zupa-svik-recica.hr\/?p=2429"},"modified":"2020-03-19T11:17:41","modified_gmt":"2020-03-19T10:17:41","slug":"odluka-hbk","status":"publish","type":"post","link":"https:\/\/zupa-svik-recica.hr\/index.php\/2020\/03\/19\/odluka-hbk\/","title":{"rendered":"ODLUKA HBK"},"content":{"rendered":"<p><span style=\"color: #ff0000;\"><strong><a style=\"color: #ff0000;\" href=\"http:\/\/www.zg-nadbiskupija.hr\/dokumenti\/aktualnosti\/odredbe-biskupa-hrvatske-biskupske-konferencije-u-vezi-sa-sprjecavanjem-sirenja-bolesti-covid-19\">ODLUKA HRVATSKIH BISKUPA<\/a><br \/>\n<a href=\"http:\/\/zupa-svik-recica.hr\/wp-content\/uploads\/2020\/03\/BISKUPI.jpg\"><img loading=\"lazy\" class=\"alignleft size-medium wp-image-2431\" src=\"http:\/\/zupa-svik-recica.hr\/wp-content\/uploads\/2020\/03\/BISKUPI-300x157.jpg\" alt=\"\" width=\"300\" height=\"157\" srcset=\"https:\/\/zupa-svik-recica.hr\/wp-content\/uploads\/2020\/03\/BISKUPI-300x157.jpg 300w, https:\/\/zupa-svik-recica.hr\/wp-content\/uploads\/2020\/03\/BISKUPI.jpg 540w\" sizes=\"(max-width: 300px) 100vw, 300px\" \/><\/a><span style=\"color: #000000;\">OBAVIJEST ZA<\/span><\/strong><span style=\"color: #000000;\"> \u017dUPLJANE:<br \/>\n<span style=\"color: #000000;\">&#8211; \u017eupnik \u0107e imati redovito mise, ali bez naroda<br \/>\n<\/span><strong>&#8211;\u00a0<\/strong>u nedjelju je misa u 9,00 sati (samo \u017eupnik) iz toga biti \u0107e izlo\u017eeno Presveto do 18,00 sati pa \u0107e \u017eupljani pojedina\u010dno mo\u0107i dolaziti i pomoliti se.<br \/>\n&#8211; sve obavijesti na\u0107i \u0107ete na \u017eupnim stranicama, fejsu i oglasnoj plo\u010di kraj crkve.<br \/>\n&#8211; \u010duvajmo sebe i druge. Ne treba panika, treba nam razum.<br \/>\n&#8211; \u017eupna crkva biti \u0107e sve dane otvorena.<\/span><\/span><\/p>\n","protected":false},"excerpt":{"rendered":"<p>ODLUKA HRVATSKIH BISKUPA OBAVIJEST ZA \u017dUPLJANE: &#8211; \u017eupnik \u0107e imati redovito mise, ali bez naroda &#8211;\u00a0u nedjelju je misa u 9,00 sati (samo \u017eupnik) iz toga biti \u0107e izlo\u017eeno Presveto do 18,00 sati pa \u0107e \u017eupljani pojedina\u010dno mo\u0107i dolaziti i pomoliti se. &#8211; sve obavijesti na\u0107i \u0107ete na \u017eupnim stranicama, fejsu i oglasnoj plo\u010di kraj &hellip; <\/p>\n<p class=\"link-more\"><a href=\"https:\/\/zupa-svik-recica.hr\/index.php\/2020\/03\/19\/odluka-hbk\/\" class=\"more-link\">Nastavi \u010ditati<span class=\"screen-reader-text\"> &#8220;ODLUKA HBK&#8221;<\/span><\/a><\/p>\n","protected":false},"author":3,"featured_media":0,"comment_status":"open","ping_status":"open","sticky":false,"template":"","format":"standard","meta":{"_mi_skip_tracking":false},"categories":[4],"tags":[],"_links":{"self":[{"href":"https:\/\/zupa-svik-recica.hr\/index.php\/wp-json\/wp\/v2\/posts\/2429"}],"collection":[{"href":"https:\/\/zupa-svik-recica.hr\/index.php\/wp-json\/wp\/v2\/posts"}],"about":[{"href":"https:\/\/zupa-svik-recica.hr\/index.php\/wp-json\/wp\/v2\/types\/post"}],"author":[{"embeddable":true,"href":"https:\/\/zupa-svik-recica.hr\/index.php\/wp-json\/wp\/v2\/users\/3"}],"replies":[{"embeddable":true,"href":"https:\/\/zupa-svik-recica.hr\/index.php\/wp-json\/wp\/v2\/comments?post=2429"}],"version-history":[{"count":3,"href":"https:\/\/zupa-svik-recica.hr\/index.php\/wp-json\/wp\/v2\/posts\/2429\/revisions"}],"predecessor-version":[{"id":2433,"href":"https:\/\/zupa-svik-recica.hr\/index.php\/wp-json\/wp\/v2\/posts\/2429\/revisions\/2433"}],"wp:attachment":[{"href":"https:\/\/zupa-svik-recica.hr\/index.php\/wp-json\/wp\/v2\/media?parent=2429"}],"wp:term":[{"taxonomy":"category","embeddable":true,"href":"https:\/\/zupa-svik-recica.hr\/index.php\/wp-json\/wp\/v2\/categories?post=2429"},{"taxonomy":"post_tag","embeddable":true,"href":"https:\/\/zupa-svik-recica.hr\/index.php\/wp-json\/wp\/v2\/tags?post=2429"}],"curies":[{"name":"wp","href":"https:\/\/api.w.org\/{rel}","templated":true}]}}