{"id":2006,"date":"2019-04-21T15:22:00","date_gmt":"2019-04-21T13:22:00","guid":{"rendered":"http:\/\/zupa-svik-recica.hr\/?p=2006"},"modified":"2019-04-21T15:35:47","modified_gmt":"2019-04-21T13:35:47","slug":"2006","status":"publish","type":"post","link":"https:\/\/zupa-svik-recica.hr\/index.php\/2019\/04\/21\/2006\/","title":{"rendered":"Proslava Uskrsa"},"content":{"rendered":"<p><a class=\"irc_mil i3597\" tabindex=\"0\" href=\"https:\/\/www.google.hr\/url?sa=i&amp;rct=j&amp;q=&amp;esrc=s&amp;source=images&amp;cd=&amp;cad=rja&amp;uact=8&amp;ved=2ahUKEwjYoqmFpOHhAhVNK1AKHXqJAKIQjRx6BAgBEAU&amp;url=http%3A%2F%2Fzupa-svik-recica.hr%2Findex.php%2Fcategory%2Fdogadanja%2Fpage%2F8%2F&amp;psig=AOvVaw106yNJfLTEP87N-63NjRC7&amp;ust=1555939369536149\" target=\"_blank\" rel=\"noopener noreferrer\" data-ved=\"2ahUKEwjYoqmFpOHhAhVNK1AKHXqJAKIQjRx6BAgBEAU\" data-ctbtn=\"2\" data-cthref=\"\/url?sa=i&amp;rct=j&amp;q=&amp;esrc=s&amp;source=images&amp;cd=&amp;cad=rja&amp;uact=8&amp;ved=2ahUKEwjYoqmFpOHhAhVNK1AKHXqJAKIQjRx6BAgBEAU&amp;url=http%3A%2F%2Fzupa-svik-recica.hr%2Findex.php%2Fcategory%2Fdogadanja%2Fpage%2F8%2F&amp;psig=AOvVaw106yNJfLTEP87N-63NjRC7&amp;ust=1555939369536149\" data-noload=\"\"><img loading=\"lazy\" class=\"irc_mi alignleft\" src=\"http:\/\/zupa-svik-recica.hr\/wp-content\/uploads\/2018\/03\/Bo%C5%BEi%C4%87-u-re%C4%8Dici-225x300.jpg\" alt=\"Slikovni rezultat za Uskrs u re\u010dici\" width=\"225\" height=\"300\" data-iml=\"1555852990447\" \/><\/a>Uskrsno slavlje zapo\u010delo je bdijenjem na Veliku subotu. Na sam dan Uskrsa svete mise u 8,30 i 11,00 sati predvodio je na\u0161 \u017eupnik vl\u010d Lovro. Pod jutarnjom svetom misom pjevao je ubor mladih Charisma a pod poldanjom sve\u010danom svetom misom pjevao je mje\u0161oviti \u017eupni zbor.<br \/>\nNakon Velikog petka dana izdaje, osude, umiranja kada su na kri\u017eu umirale sve nade apostola i isusovih u\u010denika svanuo je prvi dan u tjednu &#8211; Uskrs. Trenutak u kojem se pokazalo da nikada ne treba gubiti vjeru i nadu.<br \/>\nMo\u017eda zanemarujemo ili nam promakne ne\u0161to va\u017eno u doga\u0111aju Isusova uskrsnu\u0107a; hrabrost \u017eena. Koliko je hrabrosti, samilosti i ljubavi morala imati Veronika kada je istupila iz zapjenjene gomile i obrisala to izmu\u010deno live, kolika je hrabrost ovih \u017eena \u0161to su se u rano jutro uputile na grob usprkos neprijateljstva, rimskih vojnika dok su apostoli virili kroz prozore prestra\u0161eni. Koliku im \u010dast ukazuje Isus &#8211; njima se prvima javlja. One su glasnice Radosne vijesti. Gospodin je \u017eiv. Na\u0161i snovi nisu propali, na\u0161a vjera nije mrtva. One su i nama kao djeci donosile radosnu vijest vjere. Prenosile su svoja iskustva kao i ove \u017eene u uskrsno jutro.<\/p>\n<p>Mr\u017enja, la\u017e mo\u0107 nemaju zadnju rije\u010d. Koje li nade za nas. Nije kraj kada ljudi ka\u017eu da je kraj. Po\u010detak i kraj su u Bo\u017ejim rukama, ne u rukama silnika, muljatora. Mogu Boga na trenutak skloniti s na\u0161eg obzorja, ali ne i trajno. Uskrsnu\u0107e im je dalo novu nadu.<\/p>\n<p>Zato je uskrs na\u0161a \u0161ansa da u nama uskrsne Isus koji je na\u0161a Istina, na\u0161 Put i na\u0161 \u017divot<\/p>\n","protected":false},"excerpt":{"rendered":"<p>Uskrsno slavlje zapo\u010delo je bdijenjem na Veliku subotu. Na sam dan Uskrsa svete mise u 8,30 i 11,00 sati predvodio je na\u0161 \u017eupnik vl\u010d Lovro. Pod jutarnjom svetom misom pjevao je ubor mladih Charisma a pod poldanjom sve\u010danom svetom misom pjevao je mje\u0161oviti \u017eupni zbor. Nakon Velikog petka dana izdaje, osude, umiranja kada su na &hellip; <\/p>\n<p class=\"link-more\"><a href=\"https:\/\/zupa-svik-recica.hr\/index.php\/2019\/04\/21\/2006\/\" class=\"more-link\">Nastavi \u010ditati<span class=\"screen-reader-text\"> &#8220;Proslava Uskrsa&#8221;<\/span><\/a><\/p>\n","protected":false},"author":3,"featured_media":0,"comment_status":"open","ping_status":"open","sticky":false,"template":"","format":"standard","meta":{"_mi_skip_tracking":false},"categories":[4],"tags":[],"_links":{"self":[{"href":"https:\/\/zupa-svik-recica.hr\/index.php\/wp-json\/wp\/v2\/posts\/2006"}],"collection":[{"href":"https:\/\/zupa-svik-recica.hr\/index.php\/wp-json\/wp\/v2\/posts"}],"about":[{"href":"https:\/\/zupa-svik-recica.hr\/index.php\/wp-json\/wp\/v2\/types\/post"}],"author":[{"embeddable":true,"href":"https:\/\/zupa-svik-recica.hr\/index.php\/wp-json\/wp\/v2\/users\/3"}],"replies":[{"embeddable":true,"href":"https:\/\/zupa-svik-recica.hr\/index.php\/wp-json\/wp\/v2\/comments?post=2006"}],"version-history":[{"count":3,"href":"https:\/\/zupa-svik-recica.hr\/index.php\/wp-json\/wp\/v2\/posts\/2006\/revisions"}],"predecessor-version":[{"id":2009,"href":"https:\/\/zupa-svik-recica.hr\/index.php\/wp-json\/wp\/v2\/posts\/2006\/revisions\/2009"}],"wp:attachment":[{"href":"https:\/\/zupa-svik-recica.hr\/index.php\/wp-json\/wp\/v2\/media?parent=2006"}],"wp:term":[{"taxonomy":"category","embeddable":true,"href":"https:\/\/zupa-svik-recica.hr\/index.php\/wp-json\/wp\/v2\/categories?post=2006"},{"taxonomy":"post_tag","embeddable":true,"href":"https:\/\/zupa-svik-recica.hr\/index.php\/wp-json\/wp\/v2\/tags?post=2006"}],"curies":[{"name":"wp","href":"https:\/\/api.w.org\/{rel}","templated":true}]}}