{"id":1994,"date":"2019-04-20T15:36:51","date_gmt":"2019-04-20T13:36:51","guid":{"rendered":"http:\/\/zupa-svik-recica.hr\/?p=1994"},"modified":"2019-04-22T08:27:32","modified_gmt":"2019-04-22T06:27:32","slug":"velika-subota","status":"publish","type":"post","link":"https:\/\/zupa-svik-recica.hr\/index.php\/2019\/04\/20\/velika-subota\/","title":{"rendered":"Velika subota"},"content":{"rendered":"<p><img loading=\"lazy\" class=\"alignleft size-medium wp-image-1996\" src=\"http:\/\/zupa-svik-recica.hr\/wp-content\/uploads\/2019\/04\/\u010duvari-bo\u017ejeg-groba1-1-225x300.jpg\" alt=\"\" width=\"225\" height=\"300\" srcset=\"https:\/\/zupa-svik-recica.hr\/wp-content\/uploads\/2019\/04\/\u010duvari-bo\u017ejeg-groba1-1-225x300.jpg 225w, https:\/\/zupa-svik-recica.hr\/wp-content\/uploads\/2019\/04\/\u010duvari-bo\u017ejeg-groba1-1.jpg 531w\" sizes=\"(max-width: 225px) 100vw, 225px\" \/>Velika subota je dan Kristova otpo\u010dinka u grobu i drugi dan vazmenog trodnevlja. Crkva u molitvi kod groba \u010deka Gospodina: vjernici, pojedina\u010dno ili roditelji s djecom dolaze preko dana, u slobodno vrijeme, posjetiti &#8220;Isusov grob&#8221;.<br \/>\nOd jutra izmjenjuju se &#8220;\u010duvari Bo\u017ejeg groba&#8221;: Molitvena zajednica Milosrdnog Isusa, ministranti, lovci, \u010dlanovi \u017eupnih zborova, KUD Re\u010dica, Varogasci sva tri vatrogasna dru\u0161tva. Prije nekoliko godina uveli smo ovaj obi\u010daj u na\u0161u \u017eupu.<br \/>\nVeliku subotu zavr\u0161it \u0107emo Obredom uskrsnu\u0107a u 22,00 sata koju \u0107e predvoditi na\u0161 \u017eupnik.<br \/>\n<img loading=\"lazy\" class=\"alignleft size-medium wp-image-2011\" src=\"http:\/\/zupa-svik-recica.hr\/wp-content\/uploads\/2019\/04\/dvd-300x225.jpg\" alt=\"\" width=\"300\" height=\"225\" srcset=\"https:\/\/zupa-svik-recica.hr\/wp-content\/uploads\/2019\/04\/dvd-300x225.jpg 300w, https:\/\/zupa-svik-recica.hr\/wp-content\/uploads\/2019\/04\/dvd-768x576.jpg 768w, https:\/\/zupa-svik-recica.hr\/wp-content\/uploads\/2019\/04\/dvd.jpg 960w\" sizes=\"(max-width: 300px) 100vw, 300px\" \/><img loading=\"lazy\" class=\"alignleft size-medium wp-image-2001\" src=\"http:\/\/zupa-svik-recica.hr\/wp-content\/uploads\/2019\/04\/hana-146x300.jpg\" alt=\"\" width=\"146\" height=\"300\" srcset=\"https:\/\/zupa-svik-recica.hr\/wp-content\/uploads\/2019\/04\/hana-146x300.jpg 146w, https:\/\/zupa-svik-recica.hr\/wp-content\/uploads\/2019\/04\/hana.jpg 466w\" sizes=\"(max-width: 146px) 100vw, 146px\" \/><img loading=\"lazy\" class=\"alignleft size-medium wp-image-1998\" src=\"http:\/\/zupa-svik-recica.hr\/wp-content\/uploads\/2019\/04\/\u010duvarica-225x300.jpg\" alt=\"\" width=\"225\" height=\"300\" srcset=\"https:\/\/zupa-svik-recica.hr\/wp-content\/uploads\/2019\/04\/\u010duvarica-225x300.jpg 225w, https:\/\/zupa-svik-recica.hr\/wp-content\/uploads\/2019\/04\/\u010duvarica.jpg 720w\" sizes=\"(max-width: 225px) 100vw, 225px\" \/><\/p>\n","protected":false},"excerpt":{"rendered":"<p>Velika subota je dan Kristova otpo\u010dinka u grobu i drugi dan vazmenog trodnevlja. Crkva u molitvi kod groba \u010deka Gospodina: vjernici, pojedina\u010dno ili roditelji s djecom dolaze preko dana, u slobodno vrijeme, posjetiti &#8220;Isusov grob&#8221;. Od jutra izmjenjuju se &#8220;\u010duvari Bo\u017ejeg groba&#8221;: Molitvena zajednica Milosrdnog Isusa, ministranti, lovci, \u010dlanovi \u017eupnih zborova, KUD Re\u010dica, Varogasci sva &hellip; <\/p>\n<p class=\"link-more\"><a href=\"https:\/\/zupa-svik-recica.hr\/index.php\/2019\/04\/20\/velika-subota\/\" class=\"more-link\">Nastavi \u010ditati<span class=\"screen-reader-text\"> &#8220;Velika subota&#8221;<\/span><\/a><\/p>\n","protected":false},"author":3,"featured_media":0,"comment_status":"open","ping_status":"open","sticky":false,"template":"","format":"standard","meta":{"_mi_skip_tracking":false},"categories":[4],"tags":[],"_links":{"self":[{"href":"https:\/\/zupa-svik-recica.hr\/index.php\/wp-json\/wp\/v2\/posts\/1994"}],"collection":[{"href":"https:\/\/zupa-svik-recica.hr\/index.php\/wp-json\/wp\/v2\/posts"}],"about":[{"href":"https:\/\/zupa-svik-recica.hr\/index.php\/wp-json\/wp\/v2\/types\/post"}],"author":[{"embeddable":true,"href":"https:\/\/zupa-svik-recica.hr\/index.php\/wp-json\/wp\/v2\/users\/3"}],"replies":[{"embeddable":true,"href":"https:\/\/zupa-svik-recica.hr\/index.php\/wp-json\/wp\/v2\/comments?post=1994"}],"version-history":[{"count":5,"href":"https:\/\/zupa-svik-recica.hr\/index.php\/wp-json\/wp\/v2\/posts\/1994\/revisions"}],"predecessor-version":[{"id":2012,"href":"https:\/\/zupa-svik-recica.hr\/index.php\/wp-json\/wp\/v2\/posts\/1994\/revisions\/2012"}],"wp:attachment":[{"href":"https:\/\/zupa-svik-recica.hr\/index.php\/wp-json\/wp\/v2\/media?parent=1994"}],"wp:term":[{"taxonomy":"category","embeddable":true,"href":"https:\/\/zupa-svik-recica.hr\/index.php\/wp-json\/wp\/v2\/categories?post=1994"},{"taxonomy":"post_tag","embeddable":true,"href":"https:\/\/zupa-svik-recica.hr\/index.php\/wp-json\/wp\/v2\/tags?post=1994"}],"curies":[{"name":"wp","href":"https:\/\/api.w.org\/{rel}","templated":true}]}}