{"id":1978,"date":"2019-04-14T15:24:17","date_gmt":"2019-04-14T13:24:17","guid":{"rendered":"http:\/\/zupa-svik-recica.hr\/?p=1978"},"modified":"2019-04-15T18:05:13","modified_gmt":"2019-04-15T16:05:13","slug":"proslava-cvjetnice","status":"publish","type":"post","link":"https:\/\/zupa-svik-recica.hr\/index.php\/2019\/04\/14\/proslava-cvjetnice\/","title":{"rendered":"Proslava Cvjetnice"},"content":{"rendered":"<p><img loading=\"lazy\" class=\"alignleft size-thumbnail wp-image-1980\" src=\"http:\/\/zupa-svik-recica.hr\/wp-content\/uploads\/2019\/04\/cvjetnica16-150x150.jpg\" alt=\"\" width=\"150\" height=\"150\" srcset=\"https:\/\/zupa-svik-recica.hr\/wp-content\/uploads\/2019\/04\/cvjetnica16-150x150.jpg 150w, https:\/\/zupa-svik-recica.hr\/wp-content\/uploads\/2019\/04\/cvjetnica16-100x100.jpg 100w\" sizes=\"(max-width: 150px) 100vw, 150px\" \/>Proslava Cvjetnice, Nedjelje Muke Gospodnje u na\u0161oj \u017eupi zapo\u010dela je blagoslovom gran\u010dice i procesijom. Blagoslov gran\u010dicwa, procesiju i svetu misu predvodio je na\u0161 \u017eupnik.<br \/>\nU svojoj homiliji \u017eupnik je naglasio da ulazimo u Veliki tjedan a doga\u0111aje koji su pred nama obilje\u017eavaju tri silnice koje su prisutne i u na\u0161im \u017eivotima; mr\u017enja, izdaja i ljubav. Svi smo na isku\u0161enjima da mrzimo, da izdamo ali valja nam izabrati ljubav koja je jedina sposobna graditi, stvarati, usre\u0107ivati i ono \u0161to je naizgled mrtvo u\u010diniti \u017eivim<br \/>\n\u017dupni Caritas priredio je pred crkvom prodajnu izlo\u017ebu nakita i rukotvorina.<br \/>\n<a href=\"https:\/\/recica-galerija.blogspot.com\/2019\/04\/cvjetnica-2019-godine.html\">GALERIJA<\/a><\/p>\n","protected":false},"excerpt":{"rendered":"<p>Proslava Cvjetnice, Nedjelje Muke Gospodnje u na\u0161oj \u017eupi zapo\u010dela je blagoslovom gran\u010dice i procesijom. Blagoslov gran\u010dicwa, procesiju i svetu misu predvodio je na\u0161 \u017eupnik. U svojoj homiliji \u017eupnik je naglasio da ulazimo u Veliki tjedan a doga\u0111aje koji su pred nama obilje\u017eavaju tri silnice koje su prisutne i u na\u0161im \u017eivotima; mr\u017enja, izdaja i ljubav. &hellip; <\/p>\n<p class=\"link-more\"><a href=\"https:\/\/zupa-svik-recica.hr\/index.php\/2019\/04\/14\/proslava-cvjetnice\/\" class=\"more-link\">Nastavi \u010ditati<span class=\"screen-reader-text\"> &#8220;Proslava Cvjetnice&#8221;<\/span><\/a><\/p>\n","protected":false},"author":3,"featured_media":0,"comment_status":"open","ping_status":"open","sticky":false,"template":"","format":"standard","meta":{"_mi_skip_tracking":false},"categories":[4],"tags":[],"_links":{"self":[{"href":"https:\/\/zupa-svik-recica.hr\/index.php\/wp-json\/wp\/v2\/posts\/1978"}],"collection":[{"href":"https:\/\/zupa-svik-recica.hr\/index.php\/wp-json\/wp\/v2\/posts"}],"about":[{"href":"https:\/\/zupa-svik-recica.hr\/index.php\/wp-json\/wp\/v2\/types\/post"}],"author":[{"embeddable":true,"href":"https:\/\/zupa-svik-recica.hr\/index.php\/wp-json\/wp\/v2\/users\/3"}],"replies":[{"embeddable":true,"href":"https:\/\/zupa-svik-recica.hr\/index.php\/wp-json\/wp\/v2\/comments?post=1978"}],"version-history":[{"count":2,"href":"https:\/\/zupa-svik-recica.hr\/index.php\/wp-json\/wp\/v2\/posts\/1978\/revisions"}],"predecessor-version":[{"id":1983,"href":"https:\/\/zupa-svik-recica.hr\/index.php\/wp-json\/wp\/v2\/posts\/1978\/revisions\/1983"}],"wp:attachment":[{"href":"https:\/\/zupa-svik-recica.hr\/index.php\/wp-json\/wp\/v2\/media?parent=1978"}],"wp:term":[{"taxonomy":"category","embeddable":true,"href":"https:\/\/zupa-svik-recica.hr\/index.php\/wp-json\/wp\/v2\/categories?post=1978"},{"taxonomy":"post_tag","embeddable":true,"href":"https:\/\/zupa-svik-recica.hr\/index.php\/wp-json\/wp\/v2\/tags?post=1978"}],"curies":[{"name":"wp","href":"https:\/\/api.w.org\/{rel}","templated":true}]}}