{"id":1842,"date":"2019-02-10T18:29:25","date_gmt":"2019-02-10T17:29:25","guid":{"rendered":"http:\/\/zupa-svik-recica.hr\/?p=1842"},"modified":"2019-02-10T18:29:25","modified_gmt":"2019-02-10T17:29:25","slug":"proslava-stepinceva-u-nasoj-zupi","status":"publish","type":"post","link":"https:\/\/zupa-svik-recica.hr\/index.php\/2019\/02\/10\/proslava-stepinceva-u-nasoj-zupi\/","title":{"rendered":"Proslava Stepin\u010deva u na\u0161oj \u017eupi"},"content":{"rendered":"<p><img loading=\"lazy\" class=\"alignleft size-thumbnail wp-image-1843\" src=\"http:\/\/zupa-svik-recica.hr\/wp-content\/uploads\/2019\/02\/51939111_597998527290916_1205454323346046976_n-150x150.jpg\" alt=\"\" width=\"150\" height=\"150\" srcset=\"https:\/\/zupa-svik-recica.hr\/wp-content\/uploads\/2019\/02\/51939111_597998527290916_1205454323346046976_n-150x150.jpg 150w, https:\/\/zupa-svik-recica.hr\/wp-content\/uploads\/2019\/02\/51939111_597998527290916_1205454323346046976_n-100x100.jpg 100w\" sizes=\"(max-width: 150px) 100vw, 150px\" \/>&#8220;Dok se oko Isusa gurao narod da \u010duje rije\u010d Bo\u017eju&#8230;&#8221; (Lk 5, 1).<br \/>\nUvodne su rije\u010di dana\u0161njeg evan\u0111elja. Isus je propovijedao Bo\u017eju rije\u010d. Narod je to osjetio zato je hrlio \u010duti tu rije\u010d. Valja pri tom imati na umu da Isus nije vodio ra\u010duna ho\u0107e li se kome to svidjeti ili ne\u0107e. U sredi\u0161tu je rije\u010d Bo\u017eja a ne rang lista popularnosti ili kako se danas to voli re\u0107i rejting.<br \/>\nUpravo ove evan\u0111eoske rije\u010di i Isusov odnos prema O\u010devoj rije\u010di bile su temelj \u017eupnikove homilije o bl. Alojziju Stepincu i spomendanu njegove smrti i Stepin\u010deva.<br \/>\nUpravo je to \u010dinio i bl. Alojzije Stepinac; navje\u0161tao je rije\u010d Bo\u017eju ne vode\u0107i ra\u010duna da li \u0107e mu netko pljeskati ili tap\u0161ati ga po ramenu. Ta rije\u010d nije se svidjela nijednom sistemu u kojem je \u017eivio, ali bio je svjestan kao i apostol Pavao da ono \u0161to je primio mora i predati; Bo\u017eju rije\u010d. Bo\u017eju istinu o \u010dovjeku.<br \/>\nBudu\u0107i da Gospodin nije bio oslobo\u0111en optu\u017ebi, progona, osude i smrti to ne mogu izbje\u0107i ni njegovi u\u010denici koji ga slijede. Zbog Bo\u017eje rije\u010di bl Alokzije Stepinac do\u017eivio je sudbinu svoga U\u010ditelja.<br \/>\nU ve\u010dernjim satima Molitvena zajednica Milosrdnog Isusa organizirala je klanjanje pred Presvetim i molitvu za progla\u0161enje svetim bla\u017eenog Alojzija Stepinca.<\/p>\n<p>&nbsp;<\/p>\n","protected":false},"excerpt":{"rendered":"<p>&#8220;Dok se oko Isusa gurao narod da \u010duje rije\u010d Bo\u017eju&#8230;&#8221; (Lk 5, 1). Uvodne su rije\u010di dana\u0161njeg evan\u0111elja. Isus je propovijedao Bo\u017eju rije\u010d. Narod je to osjetio zato je hrlio \u010duti tu rije\u010d. Valja pri tom imati na umu da Isus nije vodio ra\u010duna ho\u0107e li se kome to svidjeti ili ne\u0107e. U sredi\u0161tu je &hellip; <\/p>\n<p class=\"link-more\"><a href=\"https:\/\/zupa-svik-recica.hr\/index.php\/2019\/02\/10\/proslava-stepinceva-u-nasoj-zupi\/\" class=\"more-link\">Nastavi \u010ditati<span class=\"screen-reader-text\"> &#8220;Proslava Stepin\u010deva u na\u0161oj \u017eupi&#8221;<\/span><\/a><\/p>\n","protected":false},"author":3,"featured_media":0,"comment_status":"open","ping_status":"open","sticky":false,"template":"","format":"standard","meta":{"_mi_skip_tracking":false},"categories":[4],"tags":[],"_links":{"self":[{"href":"https:\/\/zupa-svik-recica.hr\/index.php\/wp-json\/wp\/v2\/posts\/1842"}],"collection":[{"href":"https:\/\/zupa-svik-recica.hr\/index.php\/wp-json\/wp\/v2\/posts"}],"about":[{"href":"https:\/\/zupa-svik-recica.hr\/index.php\/wp-json\/wp\/v2\/types\/post"}],"author":[{"embeddable":true,"href":"https:\/\/zupa-svik-recica.hr\/index.php\/wp-json\/wp\/v2\/users\/3"}],"replies":[{"embeddable":true,"href":"https:\/\/zupa-svik-recica.hr\/index.php\/wp-json\/wp\/v2\/comments?post=1842"}],"version-history":[{"count":1,"href":"https:\/\/zupa-svik-recica.hr\/index.php\/wp-json\/wp\/v2\/posts\/1842\/revisions"}],"predecessor-version":[{"id":1844,"href":"https:\/\/zupa-svik-recica.hr\/index.php\/wp-json\/wp\/v2\/posts\/1842\/revisions\/1844"}],"wp:attachment":[{"href":"https:\/\/zupa-svik-recica.hr\/index.php\/wp-json\/wp\/v2\/media?parent=1842"}],"wp:term":[{"taxonomy":"category","embeddable":true,"href":"https:\/\/zupa-svik-recica.hr\/index.php\/wp-json\/wp\/v2\/categories?post=1842"},{"taxonomy":"post_tag","embeddable":true,"href":"https:\/\/zupa-svik-recica.hr\/index.php\/wp-json\/wp\/v2\/tags?post=1842"}],"curies":[{"name":"wp","href":"https:\/\/api.w.org\/{rel}","templated":true}]}}