{"id":1759,"date":"2019-01-01T17:43:29","date_gmt":"2019-01-01T16:43:29","guid":{"rendered":"http:\/\/zupa-svik-recica.hr\/?p=1759"},"modified":"2019-01-01T17:43:29","modified_gmt":"2019-01-01T16:43:29","slug":"misa-zahvalnica-2","status":"publish","type":"post","link":"https:\/\/zupa-svik-recica.hr\/index.php\/2019\/01\/01\/misa-zahvalnica-2\/","title":{"rendered":"Misa zahvalnica"},"content":{"rendered":"<p><img loading=\"lazy\" class=\"alignleft size-thumbnail wp-image-1760\" src=\"http:\/\/zupa-svik-recica.hr\/wp-content\/uploads\/2019\/01\/lovro-150x150.png\" alt=\"\" width=\"150\" height=\"150\" srcset=\"https:\/\/zupa-svik-recica.hr\/wp-content\/uploads\/2019\/01\/lovro-150x150.png 150w, https:\/\/zupa-svik-recica.hr\/wp-content\/uploads\/2019\/01\/lovro-100x100.png 100w\" sizes=\"(max-width: 150px) 100vw, 150px\" \/>31. prosinca po tradiciji u na\u0161oj \u017eupi slavi se misa zahvalnica u 18,00 sati. Svetu misu predvodio je \u017eupnik Lovro koji je u svojoj propovijedi naglasio da je va\u017eno prisjetiti se da svijet i \u010dovjek pripadaju Bogu koji svemu daje \u017eivot. \u017delimo Bogu dati zahvalu, slaviti ga zbog \u017eivota koji nam daje. Ali i ljubavi, jer ako i okrenemo Bogu le\u0111a on nama nikada ne\u0107e.<br \/>\n\u017divot se sastoji od uspjeha i neuspjeha, svi mi na po\u010detku imamo planove, mnogi se ne ostvare. Ne treba tugovati nad neuspjesima, valja nam se vi\u0161e radovati uspjesima. I na\u0161a \u017eupna zajednica, naglasio je \u017eupnik, ima svoje uspone i padove. Raduje se da smo u ne\u010demu uspjeli, a ako nismo u svemu valja nam se vi\u0161e pouzdati u Boga a manje u svoje sposobnosti.<\/p>\n","protected":false},"excerpt":{"rendered":"<p>31. prosinca po tradiciji u na\u0161oj \u017eupi slavi se misa zahvalnica u 18,00 sati. Svetu misu predvodio je \u017eupnik Lovro koji je u svojoj propovijedi naglasio da je va\u017eno prisjetiti se da svijet i \u010dovjek pripadaju Bogu koji svemu daje \u017eivot. \u017delimo Bogu dati zahvalu, slaviti ga zbog \u017eivota koji nam daje. Ali i ljubavi, &hellip; <\/p>\n<p class=\"link-more\"><a href=\"https:\/\/zupa-svik-recica.hr\/index.php\/2019\/01\/01\/misa-zahvalnica-2\/\" class=\"more-link\">Nastavi \u010ditati<span class=\"screen-reader-text\"> &#8220;Misa zahvalnica&#8221;<\/span><\/a><\/p>\n","protected":false},"author":3,"featured_media":0,"comment_status":"open","ping_status":"open","sticky":false,"template":"","format":"standard","meta":{"_mi_skip_tracking":false},"categories":[4],"tags":[],"_links":{"self":[{"href":"https:\/\/zupa-svik-recica.hr\/index.php\/wp-json\/wp\/v2\/posts\/1759"}],"collection":[{"href":"https:\/\/zupa-svik-recica.hr\/index.php\/wp-json\/wp\/v2\/posts"}],"about":[{"href":"https:\/\/zupa-svik-recica.hr\/index.php\/wp-json\/wp\/v2\/types\/post"}],"author":[{"embeddable":true,"href":"https:\/\/zupa-svik-recica.hr\/index.php\/wp-json\/wp\/v2\/users\/3"}],"replies":[{"embeddable":true,"href":"https:\/\/zupa-svik-recica.hr\/index.php\/wp-json\/wp\/v2\/comments?post=1759"}],"version-history":[{"count":1,"href":"https:\/\/zupa-svik-recica.hr\/index.php\/wp-json\/wp\/v2\/posts\/1759\/revisions"}],"predecessor-version":[{"id":1761,"href":"https:\/\/zupa-svik-recica.hr\/index.php\/wp-json\/wp\/v2\/posts\/1759\/revisions\/1761"}],"wp:attachment":[{"href":"https:\/\/zupa-svik-recica.hr\/index.php\/wp-json\/wp\/v2\/media?parent=1759"}],"wp:term":[{"taxonomy":"category","embeddable":true,"href":"https:\/\/zupa-svik-recica.hr\/index.php\/wp-json\/wp\/v2\/categories?post=1759"},{"taxonomy":"post_tag","embeddable":true,"href":"https:\/\/zupa-svik-recica.hr\/index.php\/wp-json\/wp\/v2\/tags?post=1759"}],"curies":[{"name":"wp","href":"https:\/\/api.w.org\/{rel}","templated":true}]}}