{"id":1620,"date":"2018-11-04T10:11:48","date_gmt":"2018-11-04T09:11:48","guid":{"rendered":"http:\/\/zupa-svik-recica.hr\/?p=1620"},"modified":"2018-11-04T10:11:48","modified_gmt":"2018-11-04T09:11:48","slug":"proslava-svetog-huberta","status":"publish","type":"post","link":"https:\/\/zupa-svik-recica.hr\/index.php\/2018\/11\/04\/proslava-svetog-huberta\/","title":{"rendered":"Proslava svetog Huberta"},"content":{"rendered":"<p><img loading=\"lazy\" class=\"alignleft size-medium wp-image-1621\" src=\"http:\/\/zupa-svik-recica.hr\/wp-content\/uploads\/2018\/11\/lovci-300x169.jpg\" alt=\"\" width=\"300\" height=\"169\" srcset=\"https:\/\/zupa-svik-recica.hr\/wp-content\/uploads\/2018\/11\/lovci-300x169.jpg 300w, https:\/\/zupa-svik-recica.hr\/wp-content\/uploads\/2018\/11\/lovci-768x432.jpg 768w, https:\/\/zupa-svik-recica.hr\/wp-content\/uploads\/2018\/11\/lovci-1024x576.jpg 1024w, https:\/\/zupa-svik-recica.hr\/wp-content\/uploads\/2018\/11\/lovci.jpg 2048w\" sizes=\"(max-width: 300px) 100vw, 300px\" \/>Kao i svake godine, ve\u0107 tradicionalno lovci LD Re\u010dica slave 3. studenoga svoga za\u0161titnika svetog Huberta.<\/p>\n<p>Svetu misu u 18,00 sati slu\u017eio je \u017eupnik vl\u010d Lovro Zaplati\u0107 koji je na kraju sv. mise zahvalio lovcima na aktivnom sudjelovanju u \u017eivotu \u017eupne zajednice: kao \u010duvari Bo\u017ejeg groba na Veliku subotu, Tijelovska procesija kao i na odr\u017eavanju okoli\u0161a \u017eupne crkve i \u017eupne ku\u0107e.<br \/>\nPoslije svete mise nastavilo se s dru\u017eenjem u lova\u010dkom domu u Re\u010dici.<\/p>\n","protected":false},"excerpt":{"rendered":"<p>Kao i svake godine, ve\u0107 tradicionalno lovci LD Re\u010dica slave 3. studenoga svoga za\u0161titnika svetog Huberta. Svetu misu u 18,00 sati slu\u017eio je \u017eupnik vl\u010d Lovro Zaplati\u0107 koji je na kraju sv. mise zahvalio lovcima na aktivnom sudjelovanju u \u017eivotu \u017eupne zajednice: kao \u010duvari Bo\u017ejeg groba na Veliku subotu, Tijelovska procesija kao i na odr\u017eavanju &hellip; <\/p>\n<p class=\"link-more\"><a href=\"https:\/\/zupa-svik-recica.hr\/index.php\/2018\/11\/04\/proslava-svetog-huberta\/\" class=\"more-link\">Nastavi \u010ditati<span class=\"screen-reader-text\"> &#8220;Proslava svetog Huberta&#8221;<\/span><\/a><\/p>\n","protected":false},"author":3,"featured_media":0,"comment_status":"open","ping_status":"open","sticky":false,"template":"","format":"standard","meta":{"_mi_skip_tracking":false},"categories":[4],"tags":[],"_links":{"self":[{"href":"https:\/\/zupa-svik-recica.hr\/index.php\/wp-json\/wp\/v2\/posts\/1620"}],"collection":[{"href":"https:\/\/zupa-svik-recica.hr\/index.php\/wp-json\/wp\/v2\/posts"}],"about":[{"href":"https:\/\/zupa-svik-recica.hr\/index.php\/wp-json\/wp\/v2\/types\/post"}],"author":[{"embeddable":true,"href":"https:\/\/zupa-svik-recica.hr\/index.php\/wp-json\/wp\/v2\/users\/3"}],"replies":[{"embeddable":true,"href":"https:\/\/zupa-svik-recica.hr\/index.php\/wp-json\/wp\/v2\/comments?post=1620"}],"version-history":[{"count":1,"href":"https:\/\/zupa-svik-recica.hr\/index.php\/wp-json\/wp\/v2\/posts\/1620\/revisions"}],"predecessor-version":[{"id":1622,"href":"https:\/\/zupa-svik-recica.hr\/index.php\/wp-json\/wp\/v2\/posts\/1620\/revisions\/1622"}],"wp:attachment":[{"href":"https:\/\/zupa-svik-recica.hr\/index.php\/wp-json\/wp\/v2\/media?parent=1620"}],"wp:term":[{"taxonomy":"category","embeddable":true,"href":"https:\/\/zupa-svik-recica.hr\/index.php\/wp-json\/wp\/v2\/categories?post=1620"},{"taxonomy":"post_tag","embeddable":true,"href":"https:\/\/zupa-svik-recica.hr\/index.php\/wp-json\/wp\/v2\/tags?post=1620"}],"curies":[{"name":"wp","href":"https:\/\/api.w.org\/{rel}","templated":true}]}}