{"id":1511,"date":"2018-09-21T11:17:48","date_gmt":"2018-09-21T09:17:48","guid":{"rendered":"http:\/\/zupa-svik-recica.hr\/?p=1511"},"modified":"2018-09-21T11:17:48","modified_gmt":"2018-09-21T09:17:48","slug":"pocele-zupne-kateheze","status":"publish","type":"post","link":"https:\/\/zupa-svik-recica.hr\/index.php\/2018\/09\/21\/pocele-zupne-kateheze\/","title":{"rendered":"Po\u010dele \u017eupne kateheze"},"content":{"rendered":"<p>Zazivom Duha svetoga u nedjelju 16. kolovoza zapo\u010dele su \u017eupne kateheze za u\u010denike. Prema rasporedu \u010detvrtkom iza nastave kateheze su za prvi i drugi razred. Za prvi razred kao Vjeroabeceda, a za drugi upoznavanje sa svojom \u017eupom, crkvom i onim \u0161to u crkvi radimo.<br \/>\n<img loading=\"lazy\" class=\"alignleft size-medium wp-image-1512\" src=\"http:\/\/zupa-svik-recica.hr\/wp-content\/uploads\/2018\/09\/ja-sam-300x248.jpg\" alt=\"\" width=\"300\" height=\"248\" srcset=\"https:\/\/zupa-svik-recica.hr\/wp-content\/uploads\/2018\/09\/ja-sam-300x248.jpg 300w, https:\/\/zupa-svik-recica.hr\/wp-content\/uploads\/2018\/09\/ja-sam.jpg 400w\" sizes=\"(max-width: 300px) 100vw, 300px\" \/>Za prvopri\u010desnike su kateheze subotom prema planu iz priru\u010dnika, i planu i programu koji je predvi\u0111en za prvopri\u010desnike.<br \/>\nPeti i \u0161esti razred ima kateheze \u010detvrtkom s naglaskom: Putujemo s Isusom, slu\u0161amo i gledamo. Kroz pra\u0107enje Isua u susretim s ljudima, slu\u0161anju njegovih rije\u010di otklrivati Isusa Krista i u na\u0161oj svakodnevici. Uz to imat \u0107emo katehetske radionice u kojima \u0107emo pratiti tijek liturgijske godine.<br \/>\n<img loading=\"lazy\" class=\"alignleft size-full wp-image-1513\" src=\"http:\/\/zupa-svik-recica.hr\/wp-content\/uploads\/2018\/09\/primite.png\" alt=\"\" width=\"189\" height=\"267\" \/>Firmanici imaju kateheze petkom. Ovo je njehova druga godina priprave.\u00a0 Radimo po riru\u010dniku Primite Duha Svetoga.<br \/>\nMinistrantska zajednica ima svoje susrete svake zadnje subote u mjesecu.<br \/>\nKatehetske radionice organizirat \u0107emo isto tako ve\u0107 prema liturgijskom kalemdaru.<\/p>\n<p>Dje\u010dji zbor Iskrice imat \u0107e probe u dogovoru sa svojim voditeljima.<br \/>\nBarem svaki drugi mjesec imat \u0107emo i susrete roditelja u na\u0161em Pastoralnom centru jer smatramo da je va\u017eno da i roditelji kao i cijele obitelji budu uklju\u010deni osobito u pripravu za sakramente.<\/p>\n<p>&nbsp;<\/p>\n","protected":false},"excerpt":{"rendered":"<p>Zazivom Duha svetoga u nedjelju 16. kolovoza zapo\u010dele su \u017eupne kateheze za u\u010denike. Prema rasporedu \u010detvrtkom iza nastave kateheze su za prvi i drugi razred. Za prvi razred kao Vjeroabeceda, a za drugi upoznavanje sa svojom \u017eupom, crkvom i onim \u0161to u crkvi radimo. Za prvopri\u010desnike su kateheze subotom prema planu iz priru\u010dnika, i planu &hellip; <\/p>\n<p class=\"link-more\"><a href=\"https:\/\/zupa-svik-recica.hr\/index.php\/2018\/09\/21\/pocele-zupne-kateheze\/\" class=\"more-link\">Nastavi \u010ditati<span class=\"screen-reader-text\"> &#8220;Po\u010dele \u017eupne kateheze&#8221;<\/span><\/a><\/p>\n","protected":false},"author":3,"featured_media":0,"comment_status":"open","ping_status":"open","sticky":false,"template":"","format":"standard","meta":{"_mi_skip_tracking":false},"categories":[4],"tags":[],"_links":{"self":[{"href":"https:\/\/zupa-svik-recica.hr\/index.php\/wp-json\/wp\/v2\/posts\/1511"}],"collection":[{"href":"https:\/\/zupa-svik-recica.hr\/index.php\/wp-json\/wp\/v2\/posts"}],"about":[{"href":"https:\/\/zupa-svik-recica.hr\/index.php\/wp-json\/wp\/v2\/types\/post"}],"author":[{"embeddable":true,"href":"https:\/\/zupa-svik-recica.hr\/index.php\/wp-json\/wp\/v2\/users\/3"}],"replies":[{"embeddable":true,"href":"https:\/\/zupa-svik-recica.hr\/index.php\/wp-json\/wp\/v2\/comments?post=1511"}],"version-history":[{"count":1,"href":"https:\/\/zupa-svik-recica.hr\/index.php\/wp-json\/wp\/v2\/posts\/1511\/revisions"}],"predecessor-version":[{"id":1514,"href":"https:\/\/zupa-svik-recica.hr\/index.php\/wp-json\/wp\/v2\/posts\/1511\/revisions\/1514"}],"wp:attachment":[{"href":"https:\/\/zupa-svik-recica.hr\/index.php\/wp-json\/wp\/v2\/media?parent=1511"}],"wp:term":[{"taxonomy":"category","embeddable":true,"href":"https:\/\/zupa-svik-recica.hr\/index.php\/wp-json\/wp\/v2\/categories?post=1511"},{"taxonomy":"post_tag","embeddable":true,"href":"https:\/\/zupa-svik-recica.hr\/index.php\/wp-json\/wp\/v2\/tags?post=1511"}],"curies":[{"name":"wp","href":"https:\/\/api.w.org\/{rel}","templated":true}]}}