{"id":1315,"date":"2018-06-25T10:44:15","date_gmt":"2018-06-25T08:44:15","guid":{"rendered":"http:\/\/zupa-svik-recica.hr\/?p=1315"},"modified":"2018-07-30T15:05:48","modified_gmt":"2018-07-30T13:05:48","slug":"proslavljena-svetkovina-rodenje-sv-ivana-ktrstitelja","status":"publish","type":"post","link":"https:\/\/zupa-svik-recica.hr\/index.php\/2018\/06\/25\/proslavljena-svetkovina-rodenje-sv-ivana-ktrstitelja\/","title":{"rendered":"Proslavljena svetkovina Ro\u0111enje sv. Ivana Krstitelja"},"content":{"rendered":"<p><img loading=\"lazy\" class=\"size-full wp-image-1316 alignleft\" src=\"http:\/\/zupa-svik-recica.hr\/wp-content\/uploads\/2018\/06\/rodjenje_ivan.jpg\" alt=\"\" width=\"377\" height=\"480\" srcset=\"https:\/\/zupa-svik-recica.hr\/wp-content\/uploads\/2018\/06\/rodjenje_ivan.jpg 377w, https:\/\/zupa-svik-recica.hr\/wp-content\/uploads\/2018\/06\/rodjenje_ivan-236x300.jpg 236w\" sizes=\"(max-width: 377px) 100vw, 377px\" \/>Za svetkovinu Ro\u0111enje sv. Ivana Krstitelja pripremali smo se duhovno kroz trodnevnicu koju je vodio \u017eupnik vl\u0107 Lovro Zaplati\u0107. Tema trodnevnice bila je &#8220;otvoreno i ponizno srce&#8221;. Prvi dan posebno smo molili za Domovinu, drugi dan bilo je klanjanje pred Presvetim i molitva za obitelji, a tre\u0107i dan bio je posve\u0107en molitvi za sve\u0107enike, sve\u0107eni\u010dka i redovni\u010dka zvanja. Kroz sve dane lijepi broj \u017eupljana sudjelovao je u duhovnoj pripravi za svetkovinu za\u0161titnika na\u0161e \u017eupe.<br \/>\nNa sam dan Svetkovine u \u017eupnoj crkvi bile su tri svete mise koje je tako\u0111er predvodio na\u0161 \u017eupnik koji je u svojoj homiliji naglasio: &#8220;Svako slavljenje, podsje\u0107anje na nekog sveca za nas kr\u0161\u0107ane, katolike ima posebno zna\u010denje i nosi u sebi poruku za nas. Nije to samo sje\u0107anje na ne\u0161to ili nekoga. Svako sje\u0107anje, slavljenje nosi u sebi poruku, nadahnu\u0107e za nas danas, jer Bo\u017eja je rije\u010d ista u svako vrijeme, a u svecima je ona ugra\u0111ena u svakodnevicu nas \u017eivih ljudi&#8221;&#8230;\u00a0Stoga Ivanov poziv onima koji su ga do\u0161li slu\u0161ati nije bez razloga glasio: &#8220;OBRATITE SE. Dakle, okrenite se malo i prema sebi, prema Bogu i drugima \u2013 do\u0111ite malo k sebi&#8221;.<br \/>\nKod poldanje svete mise bio je ve\u0107 tradicionalni blagoslov djece. Pod ve\u010dernjom svetom misom DVD Dolnja Re\u010dica proslavio je 60 godina svoga postojanja.<\/p>\n","protected":false},"excerpt":{"rendered":"<p>Za svetkovinu Ro\u0111enje sv. Ivana Krstitelja pripremali smo se duhovno kroz trodnevnicu koju je vodio \u017eupnik vl\u0107 Lovro Zaplati\u0107. Tema trodnevnice bila je &#8220;otvoreno i ponizno srce&#8221;. Prvi dan posebno smo molili za Domovinu, drugi dan bilo je klanjanje pred Presvetim i molitva za obitelji, a tre\u0107i dan bio je posve\u0107en molitvi za sve\u0107enike, sve\u0107eni\u010dka &hellip; <\/p>\n<p class=\"link-more\"><a href=\"https:\/\/zupa-svik-recica.hr\/index.php\/2018\/06\/25\/proslavljena-svetkovina-rodenje-sv-ivana-ktrstitelja\/\" class=\"more-link\">Nastavi \u010ditati<span class=\"screen-reader-text\"> &#8220;Proslavljena svetkovina Ro\u0111enje sv. Ivana Krstitelja&#8221;<\/span><\/a><\/p>\n","protected":false},"author":3,"featured_media":0,"comment_status":"open","ping_status":"open","sticky":false,"template":"","format":"standard","meta":{"_mi_skip_tracking":false},"categories":[4],"tags":[],"_links":{"self":[{"href":"https:\/\/zupa-svik-recica.hr\/index.php\/wp-json\/wp\/v2\/posts\/1315"}],"collection":[{"href":"https:\/\/zupa-svik-recica.hr\/index.php\/wp-json\/wp\/v2\/posts"}],"about":[{"href":"https:\/\/zupa-svik-recica.hr\/index.php\/wp-json\/wp\/v2\/types\/post"}],"author":[{"embeddable":true,"href":"https:\/\/zupa-svik-recica.hr\/index.php\/wp-json\/wp\/v2\/users\/3"}],"replies":[{"embeddable":true,"href":"https:\/\/zupa-svik-recica.hr\/index.php\/wp-json\/wp\/v2\/comments?post=1315"}],"version-history":[{"count":3,"href":"https:\/\/zupa-svik-recica.hr\/index.php\/wp-json\/wp\/v2\/posts\/1315\/revisions"}],"predecessor-version":[{"id":1405,"href":"https:\/\/zupa-svik-recica.hr\/index.php\/wp-json\/wp\/v2\/posts\/1315\/revisions\/1405"}],"wp:attachment":[{"href":"https:\/\/zupa-svik-recica.hr\/index.php\/wp-json\/wp\/v2\/media?parent=1315"}],"wp:term":[{"taxonomy":"category","embeddable":true,"href":"https:\/\/zupa-svik-recica.hr\/index.php\/wp-json\/wp\/v2\/categories?post=1315"},{"taxonomy":"post_tag","embeddable":true,"href":"https:\/\/zupa-svik-recica.hr\/index.php\/wp-json\/wp\/v2\/tags?post=1315"}],"curies":[{"name":"wp","href":"https:\/\/api.w.org\/{rel}","templated":true}]}}