{"id":1112,"date":"2018-05-05T18:30:21","date_gmt":"2018-05-05T16:30:21","guid":{"rendered":"http:\/\/zupa-svik-recica.hr\/?p=1112"},"modified":"2018-05-06T12:42:01","modified_gmt":"2018-05-06T10:42:01","slug":"proslava-sv-florijana-i-110-godisnjica-dvd-recica-matica","status":"publish","type":"post","link":"https:\/\/zupa-svik-recica.hr\/index.php\/2018\/05\/05\/proslava-sv-florijana-i-110-godisnjica-dvd-recica-matica\/","title":{"rendered":"Proslava sv. Florijana i 110. godi\u0161njica DVD Re\u010dica Matica"},"content":{"rendered":"<p>Re\u010dica, 05.05.2017.<br \/>\n<a href=\"http:\/\/zupa-svik-recica.hr\/wp-content\/uploads\/2018\/05\/florijanovo.jpg\"><img loading=\"lazy\" class=\"aligncenter wp-image-1113 size-medium\" src=\"http:\/\/zupa-svik-recica.hr\/wp-content\/uploads\/2018\/05\/florijanovo-300x169.jpg\" alt=\"\" width=\"300\" height=\"169\" srcset=\"https:\/\/zupa-svik-recica.hr\/wp-content\/uploads\/2018\/05\/florijanovo-300x169.jpg 300w, https:\/\/zupa-svik-recica.hr\/wp-content\/uploads\/2018\/05\/florijanovo-768x432.jpg 768w, https:\/\/zupa-svik-recica.hr\/wp-content\/uploads\/2018\/05\/florijanovo.jpg 960w\" sizes=\"(max-width: 300px) 100vw, 300px\" \/><\/a><br \/>\nU \u017eupnoj crkvi sv. Ivana Krstitelja danas je bilo posebno sve\u010dano. Vatrogasci su proslavili svoga za\u0161titnika sv. Florijana i mjesni DVD Re\u010dica Matica slavi 110. obljetnicu svoga postojanja. Svetu misu predvodio je \u017eupnik vl\u0107 Lovro Zaplati\u0107, a svojom pjesmom misno slavlje pratio je dje\u010dji i zbor mladih Iskrice iz \u017eupe.<\/p>\n<div id='gallery-1' class='gallery galleryid-1112 gallery-columns-2 gallery-size-medium'><figure class='gallery-item'>\n\t\t\t<div class='gallery-icon portrait'>\n\t\t\t\t<a href='https:\/\/zupa-svik-recica.hr\/wp-content\/uploads\/2018\/05\/florijanovo6.jpg'><img width=\"165\" height=\"300\" src=\"https:\/\/zupa-svik-recica.hr\/wp-content\/uploads\/2018\/05\/florijanovo6-165x300.jpg\" class=\"attachment-medium size-medium\" alt=\"\" loading=\"lazy\" srcset=\"https:\/\/zupa-svik-recica.hr\/wp-content\/uploads\/2018\/05\/florijanovo6-165x300.jpg 165w, https:\/\/zupa-svik-recica.hr\/wp-content\/uploads\/2018\/05\/florijanovo6.jpg 528w\" sizes=\"100vw\" \/><\/a>\n\t\t\t<\/div><\/figure><figure class='gallery-item'>\n\t\t\t<div class='gallery-icon portrait'>\n\t\t\t\t<a href='https:\/\/zupa-svik-recica.hr\/wp-content\/uploads\/2018\/05\/florijanovo5.jpg'><img width=\"165\" height=\"300\" src=\"https:\/\/zupa-svik-recica.hr\/wp-content\/uploads\/2018\/05\/florijanovo5-165x300.jpg\" class=\"attachment-medium size-medium\" alt=\"\" loading=\"lazy\" srcset=\"https:\/\/zupa-svik-recica.hr\/wp-content\/uploads\/2018\/05\/florijanovo5-165x300.jpg 165w, https:\/\/zupa-svik-recica.hr\/wp-content\/uploads\/2018\/05\/florijanovo5.jpg 528w\" sizes=\"100vw\" \/><\/a>\n\t\t\t<\/div><\/figure>\n\t\t<\/div>\n\n<p>Predvo\u0111eni barjaktarima Dobrovoljnih vatrogasnih dru\u0161tava iz okolice i limenom glazbom bratskog DVD iz Zaboka vatrogasci su u mimohodu krenuli iz prostorija DVD Re\u010dica Matica u \u017eupnu crkvu.<br \/>\n<a href=\"http:\/\/zupa-svik-recica.hr\/wp-content\/uploads\/2018\/05\/florijanovo4.jpg\"><img loading=\"lazy\" class=\"aligncenter wp-image-1116 size-medium\" src=\"http:\/\/zupa-svik-recica.hr\/wp-content\/uploads\/2018\/05\/florijanovo4-300x169.jpg\" alt=\"\" width=\"300\" height=\"169\" srcset=\"https:\/\/zupa-svik-recica.hr\/wp-content\/uploads\/2018\/05\/florijanovo4-300x169.jpg 300w, https:\/\/zupa-svik-recica.hr\/wp-content\/uploads\/2018\/05\/florijanovo4-768x432.jpg 768w, https:\/\/zupa-svik-recica.hr\/wp-content\/uploads\/2018\/05\/florijanovo4.jpg 960w\" sizes=\"(max-width: 300px) 100vw, 300px\" \/><\/a><br \/>\nU svojoj propovijedi \u017eupnik je naglasio vjeru sv. Florijana kao ono glavno nadahnu\u0107e. Koji je bio grijeh za onda\u0161nju vlast da se Florijana maknulo iz svoje sredine, osudilo i pogubilo? Jedini krimen bila je vjera u Isusa Krista. Isus Krist razotkriva sve la\u017ei svijeta.<br \/>\nFlorijan je znao tko je i \u0161to je. Znao je da bi zanijekao sebe kada bi zanijekao svoju vjeru, svoju pripadnost Isusu Kristu. Znao je da slijedi onoga koji je Istina, Put i \u017divot. Izgubiv\u0161i \u017eivot zadobio je \u017divot.<br \/>\n<a href=\"http:\/\/zupa-svik-recica.hr\/wp-content\/uploads\/2018\/05\/florijanovo7.jpg\"><img loading=\"lazy\" class=\"aligncenter wp-image-1121 size-medium\" src=\"http:\/\/zupa-svik-recica.hr\/wp-content\/uploads\/2018\/05\/florijanovo7-165x300.jpg\" alt=\"\" width=\"165\" height=\"300\" srcset=\"https:\/\/zupa-svik-recica.hr\/wp-content\/uploads\/2018\/05\/florijanovo7-165x300.jpg 165w, https:\/\/zupa-svik-recica.hr\/wp-content\/uploads\/2018\/05\/florijanovo7.jpg 528w\" sizes=\"(max-width: 165px) 100vw, 165px\" \/><\/a><\/p>\n","protected":false},"excerpt":{"rendered":"<p>Re\u010dica, 05.05.2017. U \u017eupnoj crkvi sv. Ivana Krstitelja danas je bilo posebno sve\u010dano. Vatrogasci su proslavili svoga za\u0161titnika sv. Florijana i mjesni DVD Re\u010dica Matica slavi 110. obljetnicu svoga postojanja. Svetu misu predvodio je \u017eupnik vl\u0107 Lovro Zaplati\u0107, a svojom pjesmom misno slavlje pratio je dje\u010dji i zbor mladih Iskrice iz \u017eupe. Predvo\u0111eni barjaktarima Dobrovoljnih &hellip; <\/p>\n<p class=\"link-more\"><a href=\"https:\/\/zupa-svik-recica.hr\/index.php\/2018\/05\/05\/proslava-sv-florijana-i-110-godisnjica-dvd-recica-matica\/\" class=\"more-link\">Nastavi \u010ditati<span class=\"screen-reader-text\"> &#8220;Proslava sv. Florijana i 110. godi\u0161njica DVD Re\u010dica Matica&#8221;<\/span><\/a><\/p>\n","protected":false},"author":3,"featured_media":0,"comment_status":"open","ping_status":"open","sticky":false,"template":"","format":"standard","meta":{"_mi_skip_tracking":false},"categories":[4,5],"tags":[],"_links":{"self":[{"href":"https:\/\/zupa-svik-recica.hr\/index.php\/wp-json\/wp\/v2\/posts\/1112"}],"collection":[{"href":"https:\/\/zupa-svik-recica.hr\/index.php\/wp-json\/wp\/v2\/posts"}],"about":[{"href":"https:\/\/zupa-svik-recica.hr\/index.php\/wp-json\/wp\/v2\/types\/post"}],"author":[{"embeddable":true,"href":"https:\/\/zupa-svik-recica.hr\/index.php\/wp-json\/wp\/v2\/users\/3"}],"replies":[{"embeddable":true,"href":"https:\/\/zupa-svik-recica.hr\/index.php\/wp-json\/wp\/v2\/comments?post=1112"}],"version-history":[{"count":7,"href":"https:\/\/zupa-svik-recica.hr\/index.php\/wp-json\/wp\/v2\/posts\/1112\/revisions"}],"predecessor-version":[{"id":1128,"href":"https:\/\/zupa-svik-recica.hr\/index.php\/wp-json\/wp\/v2\/posts\/1112\/revisions\/1128"}],"wp:attachment":[{"href":"https:\/\/zupa-svik-recica.hr\/index.php\/wp-json\/wp\/v2\/media?parent=1112"}],"wp:term":[{"taxonomy":"category","embeddable":true,"href":"https:\/\/zupa-svik-recica.hr\/index.php\/wp-json\/wp\/v2\/categories?post=1112"},{"taxonomy":"post_tag","embeddable":true,"href":"https:\/\/zupa-svik-recica.hr\/index.php\/wp-json\/wp\/v2\/tags?post=1112"}],"curies":[{"name":"wp","href":"https:\/\/api.w.org\/{rel}","templated":true}]}}